{"id":134,"date":"2023-07-02T12:39:17","date_gmt":"2023-07-02T12:39:17","guid":{"rendered":"https:\/\/vejabeneficios.com\/?p=134"},"modified":"2023-07-02T12:39:17","modified_gmt":"2023-07-02T12:39:17","slug":"programa-minha-casa-minha-vida-entenda-como-funciona-e-veja-quem-pode-usufruir","status":"publish","type":"post","link":"https:\/\/vejabeneficios.com\/fr\/programme-ma-maison-ma-vie-comprenez-son-fonctionnement-et-decouvrez-qui-peut-en-beneficier\/","title":{"rendered":"Programme Minha Casa, Minha Vida\u00a0: Comprendre comment cela fonctionne et voir qui peut en b\u00e9n\u00e9ficier"},"content":{"rendered":"<p class=\"wp-block-paragraph\">LE&nbsp;<strong>Programme Mon foyer, ma vie<\/strong>&nbsp;Son objectif est de fournir des logements abordables \u00e0 la population, en particulier aux personnes \u00e0 faibles revenus.&nbsp;<\/p>\n\n\n\n<p class=\"wp-block-paragraph\">Dans cet article, nous expliquerons le fonctionnement du programme et qui peut en b\u00e9n\u00e9ficier.<\/p>\n\n\n\n<h2 class=\"wp-block-heading\">Qu\u2019est-ce que le programme \u00ab Ma maison, ma vie \u00bb ?<\/h2>\n\n\n\n<p class=\"wp-block-paragraph\">\u00ab Minha Casa, Minha Vida \u00bb est un programme de logement qui vise \u00e0 aider la population, en particulier les plus pauvres, \u00e0 acqu\u00e9rir leur propre logement.&nbsp;<\/p>\n\n\n\n<p class=\"wp-block-paragraph\">Il a \u00e9t\u00e9 relanc\u00e9 sous le nouveau gouvernement, rempla\u00e7ant le programme Casa Verde e Amarela.&nbsp;<\/p>\n\n\n\n<p class=\"wp-block-paragraph\">Le droit au logement est un droit constitutionnel et une clause fondamentale de la Constitution f\u00e9d\u00e9rale.&nbsp;<\/p>\n\n\n\n<p class=\"wp-block-paragraph\">Malheureusement, de nombreux Br\u00e9siliens vivent encore dans des conditions pr\u00e9caires, sans acc\u00e8s \u00e0 l&#039;assainissement de base et \u00e0 d&#039;autres services essentiels, ou bien ils paient un loyer qui absorbe une grande partie de leurs revenus.<\/p>\n\n\n\n<p class=\"wp-block-paragraph\">Le programme vise \u00e0 r\u00e9gulariser les \u00e9tablissements irr\u00e9guliers et \u00e0 donner acc\u00e8s \u00e0 des logements d\u00e9cents et de qualit\u00e9.&nbsp;<\/p>\n\n\n\n<p class=\"wp-block-paragraph\">Pour atteindre ces objectifs, le programme offre des prestations qui varient selon la tranche de revenus de la famille b\u00e9n\u00e9ficiaire.<\/p>\n\n\n\n<h2 class=\"wp-block-heading\">Quel est l&#039;objectif du programme ?<\/h2>\n\n\n\n<p class=\"wp-block-paragraph\">Les objectifs du programme \u00ab Ma maison, ma vie \u00bb sont les suivants :<\/p>\n\n\n\n<ul class=\"wp-block-list\">\n<li>Afin de faciliter l&#039;acc\u00e8s \u00e0 la propri\u00e9t\u00e9 pour la population, notamment pour les personnes \u00e0 faibles revenus.<\/li>\n\n\n\n<li>Production de logements sociaux.<\/li>\n\n\n\n<li>Financement immobilier.<\/li>\n\n\n\n<li>R\u00e9glementation fonci\u00e8re.<\/li>\n\n\n\n<li>Am\u00e9lioration du logement.<\/li>\n\n\n\n<li>Logements sociaux.<\/li>\n<\/ul>\n\n\n\n<h2 class=\"wp-block-heading\">Quelle est la diff\u00e9rence entre le programme \u00ab Minha Casa, Minha Vida \u00bb et le programme \u00ab Casa Verde e Amarela \u00bb ?<\/h2>\n\n\n\n<p class=\"wp-block-paragraph\">Le programme Minha Casa, Minha Vida a \u00e9t\u00e9 cr\u00e9\u00e9 en 2009 et remplac\u00e9 par Casa Verde e Amarela en 2020.&nbsp;<\/p>\n\n\n\n<p class=\"wp-block-paragraph\">Cependant, avec le nouveau gouvernement, le programme Minha Casa, Minha Vida a \u00e9t\u00e9 relanc\u00e9 avec quelques changements.&nbsp;<\/p>\n\n\n\n<p class=\"wp-block-paragraph\">Ces changements comprennent le rel\u00e8vement du plafond de revenus, l&#039;augmentation de la valeur maximale des propri\u00e9t\u00e9s et la reprise des projets de construction interrompus, concernant 180 000 logements.<\/p>\n\n\n\n<h2 class=\"wp-block-heading\">Qui peut b\u00e9n\u00e9ficier de ce programme ?<\/h2>\n\n\n\n<p class=\"wp-block-paragraph\">LE&nbsp;<strong>Programme Mon foyer, ma vie<\/strong>&nbsp;Il s&#039;adresse \u00e0 diff\u00e9rents groupes, chacun ayant des tranches de revenus sp\u00e9cifiques et des prestations correspondantes. Ces groupes sont les suivants\u00a0:<\/p>\n\n\n\n<h3 class=\"wp-block-heading\">Groupe 1 \u2013 Familles dont le revenu ne d\u00e9passe pas 2\u00a0640\u00a0R$<\/h3>\n\n\n\n<p class=\"wp-block-paragraph\">Les familles appartenant \u00e0 ce groupe ont un revenu familial allant jusqu&#039;\u00e0 2\u00a0640\u00a0R$. Elles ont acc\u00e8s \u00e0 des paiements \u00e9chelonn\u00e9s \u00e0 faibles taux d&#039;int\u00e9r\u00eat et peuvent obtenir une subvention allant jusqu&#039;\u00e0 170\u00a0000\u00a0R$ et financer jusqu&#039;\u00e0 95% de la valeur du bien.<\/p>\n\n\n\n<h3 class=\"wp-block-heading\">Groupe 2 \u2013 Familles dont le revenu ne d\u00e9passe pas 4\u00a0400\u00a0R$<\/h3>\n\n\n\n<p class=\"wp-block-paragraph\">Le deuxi\u00e8me groupe est compos\u00e9 de familles dont le revenu mensuel ne d\u00e9passe pas 4\u00a0400\u00a0R$. Ces familles ont droit aux m\u00eames prestations que le premier groupe.<\/p>\n\n\n\n<h3 class=\"wp-block-heading\">Groupe 3 \u2013 Familles dont le revenu ne d\u00e9passe pas 8\u00a0000 R$<\/h3>\n\n\n\n<p class=\"wp-block-paragraph\">Le troisi\u00e8me groupe est compos\u00e9 de familles dont le revenu mensuel ne d\u00e9passe pas 8\u00a0000 R$$. Ce groupe ne b\u00e9n\u00e9ficie d\u2019aucune subvention gouvernementale pour l\u2019achat de son logement.<\/p>\n\n\n\n<h2 class=\"wp-block-heading\">Comment postuler au programme \u00ab Minha Casa, Minha Vida \u00bb ?<\/h2>\n\n\n\n<p class=\"wp-block-paragraph\">Si vous remplissez les conditions de revenus pour l&#039;un des groupes mentionn\u00e9s, vous pouvez effectuer une simulation sur le site web de la Caixa Econ\u00f4mica Federal, qui est responsable de la gestion du programme.&nbsp;<\/p>\n\n\n\n<p class=\"wp-block-paragraph\">De plus, vous devrez vous rendre dans une agence Caixa muni de vos documents personnels et des informations concernant le bien immobilier souhait\u00e9.<\/p>\n\n\n\n<p class=\"wp-block-paragraph\">LE&nbsp;<strong>Programme Mon foyer, ma vie<\/strong>&nbsp;Elle joue un r\u00f4le fondamental en fournissant un logement d\u00e9cent \u00e0 la population.&nbsp;<\/p>\n\n\n\n<p class=\"wp-block-paragraph\">Si vous r\u00e9pondez aux crit\u00e8res \u00e9tablis, n&#039;h\u00e9sitez pas \u00e0 vous renseigner davantage et \u00e0 entamer la proc\u00e9dure de candidature.<\/p>","protected":false},"excerpt":{"rendered":"<p>O&nbsp;programa Minha Casa, Minha Vida&nbsp;tem como objetivo proporcionar moradias pr\u00f3prias para a popula\u00e7\u00e3o, especialmente aqueles em situa\u00e7\u00e3o de baixa renda.&nbsp; Neste artigo, vamos explicar como o programa funciona e quem pode se beneficiar dele. O que \u00e9 o programa Minha Casa, Minha Vida? O Minha Casa, Minha Vida \u00e9 um programa habitacional que visa ajudar [&hellip;]<\/p>","protected":false},"author":3,"featured_media":494,"comment_status":"open","ping_status":"open","sticky":false,"template":"","format":"standard","meta":{"footnotes":""},"categories":[6],"tags":[],"key_interest":[],"class_list":["post-134","post","type-post","status-publish","format-standard","has-post-thumbnail","hentry","category-auxilios-e-beneficios"],"_links":{"self":[{"href":"https:\/\/vejabeneficios.com\/fr\/wp-json\/wp\/v2\/posts\/134","targetHints":{"allow":["GET"]}}],"collection":[{"href":"https:\/\/vejabeneficios.com\/fr\/wp-json\/wp\/v2\/posts"}],"about":[{"href":"https:\/\/vejabeneficios.com\/fr\/wp-json\/wp\/v2\/types\/post"}],"author":[{"embeddable":true,"href":"https:\/\/vejabeneficios.com\/fr\/wp-json\/wp\/v2\/users\/3"}],"replies":[{"embeddable":true,"href":"https:\/\/vejabeneficios.com\/fr\/wp-json\/wp\/v2\/comments?post=134"}],"version-history":[{"count":1,"href":"https:\/\/vejabeneficios.com\/fr\/wp-json\/wp\/v2\/posts\/134\/revisions"}],"predecessor-version":[{"id":142,"href":"https:\/\/vejabeneficios.com\/fr\/wp-json\/wp\/v2\/posts\/134\/revisions\/142"}],"wp:featuredmedia":[{"embeddable":true,"href":"https:\/\/vejabeneficios.com\/fr\/wp-json\/wp\/v2\/media\/494"}],"wp:attachment":[{"href":"https:\/\/vejabeneficios.com\/fr\/wp-json\/wp\/v2\/media?parent=134"}],"wp:term":[{"taxonomy":"category","embeddable":true,"href":"https:\/\/vejabeneficios.com\/fr\/wp-json\/wp\/v2\/categories?post=134"},{"taxonomy":"post_tag","embeddable":true,"href":"https:\/\/vejabeneficios.com\/fr\/wp-json\/wp\/v2\/tags?post=134"},{"taxonomy":"key_interest","embeddable":true,"href":"https:\/\/vejabeneficios.com\/fr\/wp-json\/wp\/v2\/key_interest?post=134"}],"curies":[{"name":"wp","href":"https:\/\/api.w.org\/{rel}","templated":true}]}}