{"id":83,"date":"2023-07-02T14:11:53","date_gmt":"2023-07-02T14:11:53","guid":{"rendered":"https:\/\/vejabeneficios.com\/?p=83"},"modified":"2023-07-02T14:11:54","modified_gmt":"2023-07-02T14:11:54","slug":"veja-as-datas-de-saque-do-pis-pasep-e-como-consultar-seu-saldo-sem-sair-de-casa","status":"publish","type":"post","link":"https:\/\/vejabeneficios.com\/fr_eu\/consultez-les-dates-de-retrait-du-pis-pasep-et-decouvrez-comment-verifier-votre-solde-sans-quitter-votre-domicile\/","title":{"rendered":"Consultez les dates de retrait du PIS\/PASEP et d\u00e9couvrez comment v\u00e9rifier votre solde sans quitter votre domicile."},"content":{"rendered":"<p class=\"wp-block-paragraph\">Le Programme d&#039;int\u00e9gration sociale (PIS) et le Programme de constitution de patrimoine des fonctionnaires (PASEP) sont deux avantages \u00e9conomiques importants que le gouvernement br\u00e9silien accorde \u00e0 ses travailleurs ayant des contrats de travail formels et aux fonctionnaires.&nbsp;<\/p>\n\n\n\n<p class=\"wp-block-paragraph\">Ces prestations sont attendues avec impatience chaque ann\u00e9e par des millions de Br\u00e9siliens, car elles repr\u00e9sentent une augmentation substantielle de leurs revenus.<\/p>\n\n\n\n<p class=\"wp-block-paragraph\">Si vous \u00eates un travailleur qui cotise au programme PIS, que vous remplissez tous les crit\u00e8res n\u00e9cessaires et que vous n&#039;\u00eates pas un fonctionnaire, la Caixa Econ\u00f4mica Federal sera responsable du versement de votre allocation.&nbsp;<\/p>\n\n\n\n<p class=\"wp-block-paragraph\">Pour vous aider \u00e0 mieux comprendre, nous avons indiqu\u00e9 ci-dessous les dates de paiement d\u00e9taill\u00e9es, vous permettant de savoir exactement quand vous recevrez ce revenu suppl\u00e9mentaire.&nbsp;<\/p>\n\n\n\n<p class=\"wp-block-paragraph\">De plus, ces dates incluent \u00e9galement la date limite de retrait de la prestation, vous assurant ainsi la possibilit\u00e9 de recevoir votre argent dans les d\u00e9lais impartis.<\/p>\n\n\n\n<h2 class=\"wp-block-heading\">Calendrier de paiement PIS\/PASEP<\/h2>\n\n\n\n<p class=\"wp-block-paragraph\">Vous trouverez ci-dessous les dates de paiement du PIS\/PASEP afin que vous puissiez les suivre et vous assurer de ne pas manquer la date limite pour retirer votre prestation\u00a0:<\/p>\n\n\n\n<ul class=\"wp-block-list\">\n<li>Pour les personnes n\u00e9es en janvier et f\u00e9vrier\u00a0: les retraits peuvent \u00eatre effectu\u00e9s \u00e0 partir du 15 f\u00e9vrier, la date limite \u00e9tant fix\u00e9e au 28 d\u00e9cembre.<\/li>\n\n\n\n<li>Pour les personnes n\u00e9es en mars et avril\u00a0: les retraits peuvent \u00eatre effectu\u00e9s \u00e0 partir du 15 mars, la date limite \u00e9tant fix\u00e9e au 28 d\u00e9cembre.<\/li>\n\n\n\n<li>Pour les personnes n\u00e9es en mai et juin\u00a0: les retraits peuvent \u00eatre effectu\u00e9s \u00e0 partir du 17 avril, la date limite \u00e9tant fix\u00e9e au 28 d\u00e9cembre.<\/li>\n\n\n\n<li>Pour les personnes n\u00e9es en juillet et ao\u00fbt\u00a0: les retraits peuvent \u00eatre effectu\u00e9s \u00e0 partir du 15\u00a0mai, la date limite \u00e9tant fix\u00e9e au 28\u00a0d\u00e9cembre.<\/li>\n\n\n\n<li>Pour les personnes n\u00e9es en septembre et octobre\u00a0: les retraits peuvent \u00eatre effectu\u00e9s \u00e0 partir du 15\u00a0juin, la date limite \u00e9tant fix\u00e9e au 28\u00a0d\u00e9cembre.<\/li>\n\n\n\n<li>Pour les personnes n\u00e9es en novembre et d\u00e9cembre\u00a0: les retraits peuvent \u00eatre effectu\u00e9s \u00e0 partir du 17\u00a0juillet, la date limite \u00e9tant le 28\u00a0d\u00e9cembre.<\/li>\n<\/ul>\n\n\n\n<p class=\"wp-block-paragraph\">Ces d\u00e9lais ont \u00e9t\u00e9 fix\u00e9s afin de garantir \u00e0 tous les b\u00e9n\u00e9ficiaires un temps suffisant pour retirer leurs prestations respectives.<\/p>\n\n\n\n<p class=\"wp-block-paragraph\">Si vous \u00eates fonctionnaire et que vous remplissez toutes les conditions requises pour la prime PASEP, la Banque du Br\u00e9sil se chargera du versement. Les dates de versement de la prime PASEP sont d\u00e9termin\u00e9es en fonction du dernier chiffre de votre num\u00e9ro d&#039;inscription au programme.<\/p>\n\n\n\n<ul class=\"wp-block-list\">\n<li>Pour les inscriptions se terminant par 0 : du 15 f\u00e9vrier au 28 d\u00e9cembre.<\/li>\n\n\n\n<li>Pour les inscriptions se terminant par 1 : du 15 mars au 28 d\u00e9cembre.<\/li>\n\n\n\n<li>Pour les inscriptions se terminant par 2 et 3 : du 17 avril au 28 d\u00e9cembre.<\/li>\n\n\n\n<li>Pour les inscriptions se terminant par 4 et 5 : du 15 mai au 28 d\u00e9cembre.<\/li>\n\n\n\n<li>Pour les inscriptions se terminant par 6 et 7 : du 15 juin au 28 d\u00e9cembre.<\/li>\n\n\n\n<li>Pour les inscriptions se terminant par 8 et 9 : du 17 juillet au 28 d\u00e9cembre.<\/li>\n<\/ul>\n\n\n\n<p class=\"wp-block-paragraph\">Les versements PIS\/PASEP d\u00e9butent en f\u00e9vrier et varient proportionnellement \u00e0 la dur\u00e9e pendant laquelle vous avez travaill\u00e9 avec un contrat de travail formel au cours de l&#039;ann\u00e9e pr\u00e9c\u00e9dente.&nbsp;<\/p>\n\n\n\n<p class=\"wp-block-paragraph\">Voici les montants disponibles pour retrait du PIS\/PASEP en 2023, en fonction du nombre de mois travaill\u00e9s en 2021\u00a0:<\/p>\n\n\n\n<ul class=\"wp-block-list\">\n<li>1 mois : R$ 110,00<\/li>\n\n\n\n<li>2 mois : R$ 220,00<\/li>\n\n\n\n<li>3 mois : R$ 330,00<\/li>\n\n\n\n<li>4 mois : R$ 440,00<\/li>\n\n\n\n<li>5 mois : R$ 550,00<\/li>\n\n\n\n<li>6 mois : R$ 660,00<\/li>\n\n\n\n<li>7 mois : R$ 770,00<\/li>\n\n\n\n<li>8 mois : R$ 880,00<\/li>\n\n\n\n<li>9 mois : R$ 990,00<\/li>\n\n\n\n<li>10 mois : R$ 1\u00a0100,00<\/li>\n\n\n\n<li>11 mois : R$ 1\u00a0210,00<\/li>\n\n\n\n<li>12 mois : R$ 1\u00a0320,00<\/li>\n<\/ul>\n\n\n\n<p class=\"wp-block-paragraph\">Veuillez v\u00e9rifier les dates de paiement et le montant qui vous est d\u00fb en fonction du temps travaill\u00e9 l&#039;ann\u00e9e pr\u00e9c\u00e9dente.&nbsp;<\/p>\n\n\n\n<p class=\"wp-block-paragraph\">Il est primordial de retirer les fonds avant la date limite afin de percevoir correctement votre allocation PIS\/PASEP. N&#039;oubliez pas que ces allocations vous sont dues et repr\u00e9sentent une part importante de votre revenu annuel.<\/p>","protected":false},"excerpt":{"rendered":"<p>O Programa de Integra\u00e7\u00e3o Social (PIS) e o Programa de Forma\u00e7\u00e3o do Patrim\u00f4nio do Servidor P\u00fablico (PASEP) s\u00e3o dois proeminentes benef\u00edcios econ\u00f4micos que o governo brasileiro concede aos seus trabalhadores com carteira assinada e servidores p\u00fablicos.&nbsp; Tais benef\u00edcios s\u00e3o ansiosamente aguardados todos os anos por milh\u00f5es de brasileiros, j\u00e1 que representam um incremento substancial em [&hellip;]<\/p>","protected":false},"author":3,"featured_media":84,"comment_status":"open","ping_status":"open","sticky":false,"template":"","format":"standard","meta":{"footnotes":""},"categories":[6],"tags":[],"key_interest":[],"class_list":["post-83","post","type-post","status-publish","format-standard","has-post-thumbnail","hentry","category-auxilios-e-beneficios"],"_links":{"self":[{"href":"https:\/\/vejabeneficios.com\/fr_eu\/wp-json\/wp\/v2\/posts\/83","targetHints":{"allow":["GET"]}}],"collection":[{"href":"https:\/\/vejabeneficios.com\/fr_eu\/wp-json\/wp\/v2\/posts"}],"about":[{"href":"https:\/\/vejabeneficios.com\/fr_eu\/wp-json\/wp\/v2\/types\/post"}],"author":[{"embeddable":true,"href":"https:\/\/vejabeneficios.com\/fr_eu\/wp-json\/wp\/v2\/users\/3"}],"replies":[{"embeddable":true,"href":"https:\/\/vejabeneficios.com\/fr_eu\/wp-json\/wp\/v2\/comments?post=83"}],"version-history":[{"count":1,"href":"https:\/\/vejabeneficios.com\/fr_eu\/wp-json\/wp\/v2\/posts\/83\/revisions"}],"predecessor-version":[{"id":85,"href":"https:\/\/vejabeneficios.com\/fr_eu\/wp-json\/wp\/v2\/posts\/83\/revisions\/85"}],"wp:featuredmedia":[{"embeddable":true,"href":"https:\/\/vejabeneficios.com\/fr_eu\/wp-json\/wp\/v2\/media\/84"}],"wp:attachment":[{"href":"https:\/\/vejabeneficios.com\/fr_eu\/wp-json\/wp\/v2\/media?parent=83"}],"wp:term":[{"taxonomy":"category","embeddable":true,"href":"https:\/\/vejabeneficios.com\/fr_eu\/wp-json\/wp\/v2\/categories?post=83"},{"taxonomy":"post_tag","embeddable":true,"href":"https:\/\/vejabeneficios.com\/fr_eu\/wp-json\/wp\/v2\/tags?post=83"},{"taxonomy":"key_interest","embeddable":true,"href":"https:\/\/vejabeneficios.com\/fr_eu\/wp-json\/wp\/v2\/key_interest?post=83"}],"curies":[{"name":"wp","href":"https:\/\/api.w.org\/{rel}","templated":true}]}}