{"id":133,"date":"2023-07-02T12:40:16","date_gmt":"2023-07-02T12:40:16","guid":{"rendered":"https:\/\/vejabeneficios.com\/?p=133"},"modified":"2023-07-02T12:40:17","modified_gmt":"2023-07-02T12:40:17","slug":"explorando-o-curso-de-maquiagem-do-senac-saiba-mais-e-descubra-se-e-para-voce","status":"publish","type":"post","link":"https:\/\/vejabeneficios.com\/hu\/ismerd-meg-a-senac-sminktanfolyamat-tudj-meg-tobbet-es-fedezd-fel-hogy-neked-valo-e\/","title":{"rendered":"A Senac sminktanfolyam felfedez\u00e9se: Tudj meg t\u00f6bbet, \u00e9s der\u00edtsd ki, hogy neked val\u00f3-e."},"content":{"rendered":"<p class=\"wp-block-paragraph\">A Senac sminktanfolyam\u00e1n val\u00f3 r\u00e9szv\u00e9telt k\u00edn\u00e1l azok sz\u00e1m\u00e1ra, akiket \u00e9rdekel a k\u00e9pz\u00e9s ezen a ter\u00fcleten. A tanfolyam teljesen ingyenes \u00e9s el\u00e9rhet\u0151 Braz\u00edlia \u00f6sszes Senac fi\u00f3kj\u00e1ban.<\/p>\n\n\n\n<p class=\"wp-block-paragraph\">A kurzus sor\u00e1n a hallgat\u00f3k \u00e1tfog\u00f3 tartalomhoz f\u00e9rhetnek hozz\u00e1, \u00e9s megismerkednek a sminkm\u0171v\u00e9szet minden aspektus\u00e1val.&nbsp;<\/p>\n\n\n\n<p class=\"wp-block-paragraph\">Az elm\u00e9leti \u00f3r\u00e1k mellett a hallgat\u00f3knak lehet\u0151s\u00e9g\u00fck lesz gyakorlati \u00f3r\u00e1kon is r\u00e9szt venni.&nbsp;<\/p>\n\n\n\n<p class=\"wp-block-paragraph\">Tov\u00e1bbi kiemelt dolog az ingyenes elv\u00e9gz\u00e9si tan\u00fas\u00edtv\u00e1ny, amelyet a kurzus elv\u00e9gz\u00e9se ut\u00e1n kapsz. T\u00f6bbet szeretn\u00e9l megtudni? Maradj vel\u00fcnk!<\/p>\n\n\n\n<h2 class=\"wp-block-heading\">Senac \u00e1ttekint\u00e9se<\/h2>\n\n\n\n<p class=\"wp-block-paragraph\">A Senac, vagy Servi\u00e7o Nacional de Aprendizagem Comercial (Orsz\u00e1gos Kereskedelmi Tanul\u00f3szerz\u0151d\u00e9ses Szolg\u00e1lat) egy brazil int\u00e9zm\u00e9ny, amely a szakk\u00e9pz\u00e9ssel foglalkozik, \u00e9s amelynek f\u0151 k\u00fcldet\u00e9se szakemberek k\u00e9pz\u00e9se az \u00e1ruk, szolg\u00e1ltat\u00e1sok \u00e9s a turizmus kereskedelm\u00e9re.<\/p>\n\n\n\n<p class=\"wp-block-paragraph\">Az 1946-ban alap\u00edtott Senac ma eg\u00e9sz Braz\u00edli\u00e1ban jelen van, \u00e9s kulcsszerepet j\u00e1tszik az orsz\u00e1g munkaer\u0151piac\u00e1nak fejleszt\u00e9s\u00e9ben \u00e9s jav\u00edt\u00e1s\u00e1ban.&nbsp;<\/p>\n\n\n\n<p class=\"wp-block-paragraph\">A Senac sz\u00e9lesk\u00f6r\u0171 kurzusokat \u00e9s programokat k\u00edn\u00e1l k\u00fcl\u00f6nb\u00f6z\u0151 ter\u00fcleteken, a szakmai kurzusokt\u00f3l a posztgradu\u00e1lis tanulm\u00e1nyokig.<\/p>\n\n\n\n<p class=\"wp-block-paragraph\">A SENAC tev\u00e9kenys\u00e9gi ter\u00fcletei a k\u00f6vetkez\u0151k:<\/p>\n\n\n\n<ul class=\"wp-block-list\">\n<li>\u00dczleti;<\/li>\n\n\n\n<li>Adminisztr\u00e1ci\u00f3;<\/li>\n\n\n\n<li>Idegenforgalom;<\/li>\n\n\n\n<li>Vend\u00e9gszeretet;<\/li>\n\n\n\n<li>Tervez\u00e9s;<\/li>\n\n\n\n<li>Divat;<\/li>\n\n\n\n<li>Sz\u00e1m\u00edt\u00e1stechnika;<\/li>\n\n\n\n<li>Eg\u00e9szs\u00e9g;<\/li>\n\n\n\n<li>Nyelvek;<\/li>\n\n\n\n<li>\u00c9s m\u00e9g sok minden m\u00e1s.<\/li>\n<\/ul>\n\n\n\n<p class=\"wp-block-paragraph\">Fontos megjegyezni, hogy a kurzusokat a munkaer\u0151piac ig\u00e9nyei szerint alak\u00edtj\u00e1k ki, c\u00e9ljuk az egyes \u00e1gazatok ig\u00e9nyeinek \u00e9s trendjeinek kiel\u00e9g\u00edt\u00e9se.<\/p>\n\n\n\n<h2 class=\"wp-block-heading\">Mit tartalmaz a Senac sminktanfolyam?<\/h2>\n\n\n\n<p class=\"wp-block-paragraph\">A Senac sz\u00e9lesk\u00f6r\u0171 tanfolyamokat k\u00edn\u00e1l, bele\u00e9rtve egy sminktanfolyamot is. Ez a tanfolyam kiv\u00e1l\u00f3 v\u00e1laszt\u00e1s azok sz\u00e1m\u00e1ra, akik \u00e9rdekl\u0151dnek a szakter\u00fclet ir\u00e1nt, \u00e9s profi sminkesk\u00e9nt szeretn\u00e9nek dolgozni.<\/p>\n\n\n\n<p class=\"wp-block-paragraph\">A kurzus a sminkel\u00e9s elm\u00e9leti \u00e9s gyakorlati aspektusait is lefedi, felv\u00e9rtezve a hallgat\u00f3kat a k\u00fcl\u00f6nf\u00e9le sminkel\u00e9si technik\u00e1k professzion\u00e1lis elv\u00e9gz\u00e9s\u00e9hez sz\u00fcks\u00e9ges k\u00e9szs\u00e9gekkel \u00e9s ismeretekkel.&nbsp;<\/p>\n\n\n\n<p class=\"wp-block-paragraph\">A kurzus sor\u00e1n a hallgat\u00f3knak lehet\u0151s\u00e9g\u00fck ny\u00edlik a tanultak gyakorlati alkalmaz\u00e1s\u00e1ra \u00e9s fel\u00fcgyelt gyakorlatok elv\u00e9gz\u00e9s\u00e9re, lehet\u0151v\u00e9 t\u00e9ve sz\u00e1mukra, hogy tapasztalt szakemberek ir\u00e1ny\u00edt\u00e1sa alatt fejlessz\u00e9k k\u00e9szs\u00e9geiket \u00e9s technik\u00e1ikat.<\/p>\n\n\n\n<p class=\"wp-block-paragraph\">Ez a kurzus a legt\u00f6bb Senac helysz\u00ednen el\u00e9rhet\u0151, teljesen ingyenesen k\u00edn\u00e1lj\u00e1k a rendelkez\u00e9sre \u00e1ll\u00f3 \u00f6szt\u00f6nd\u00edjakon kereszt\u00fcl, vagy d\u00edj ellen\u00e9ben azok sz\u00e1m\u00e1ra, akik nem felelnek meg az ingyenes program krit\u00e9riumainak.<\/p>\n\n\n\n<h2 class=\"wp-block-heading\">A Senac sminktanfolyam fel\u00e9p\u00edt\u00e9se<\/h2>\n\n\n\n<p class=\"wp-block-paragraph\">A Senac sminktanfolyam kiv\u00e1l\u00f3 v\u00e1laszt\u00e1s azok sz\u00e1m\u00e1ra, akik szeretn\u00e9nek ezen a ter\u00fcleten k\u00e9pezni magukat, \u00e9s kit\u0171nni a versenyt\u00e1rsak k\u00f6z\u00fcl.<\/p>\n\n\n\n<p class=\"wp-block-paragraph\">A kurzust magasan k\u00e9pzett professzorok oktatj\u00e1k, akik felk\u00e9sz\u00edtik a hallgat\u00f3kat a munkaer\u0151piacra. \u00c1tfog\u00f3 tananyagokat is k\u00edn\u00e1lnak, amelyek lehet\u0151v\u00e9 teszik a hallgat\u00f3k sz\u00e1m\u00e1ra, hogy elm\u00e9letileg \u00e9s gyakorlatilag is megismerj\u00e9k a ter\u00fcletet.<\/p>\n\n\n\n<p class=\"wp-block-paragraph\">A kurzus tartalma a k\u00f6vetkez\u0151ket tartalmazza:<\/p>\n\n\n\n<ul class=\"wp-block-list\">\n<li>Az arcb\u0151r t\u00edpusai;<\/li>\n\n\n\n<li>Napi arc\u00e1pol\u00e1si rutin;<\/li>\n\n\n\n<li>Az arcb\u0151r el\u0151k\u00e9sz\u00edt\u00e9se a sminkel\u00e9sre;<\/li>\n\n\n\n<li>Sz\u00ednek \u00e9s text\u00far\u00e1k haszn\u00e1lata a sz\u00e9ps\u00e9g fokoz\u00e1s\u00e1ra;<\/li>\n\n\n\n<li>Szem smink;<\/li>\n\n\n\n<li>R\u00fazs \u00e9s piros\u00edt\u00f3 felvitele;<\/li>\n\n\n\n<li>Nappali smink;<\/li>\n\n\n\n<li>\u00c9jszakai smink;<\/li>\n\n\n\n<li>Smink kieg\u00e9sz\u00edt\u0151k tiszt\u00edt\u00e1sa;<\/li>\n\n\n\n<li>A f\u00e9ny \u00e9s \u00e1rny\u00e9k fogalma.<\/li>\n<\/ul>\n\n\n\n<p class=\"wp-block-paragraph\">Fontos megjegyezni, hogy a kurzus tartalma egys\u00e9genk\u00e9nt elt\u00e9r\u0151 lehet. Ez\u00e9rt fontos ellen\u0151rizni az \u00e1llamodnak megfelel\u0151 hivatalos Senac weboldalt!<\/p>\n\n\n\n<h2 class=\"wp-block-heading\">Mennyi ideig tart a Senac sminktanfolyam?<\/h2>\n\n\n\n<p class=\"wp-block-paragraph\">Az egyik leggyakoribb k\u00e9rd\u00e9s a Senac sminktanfolyam ir\u00e1nt \u00e9rdekl\u0151d\u0151k k\u00f6r\u00e9ben a tanfolyam id\u0151tartama.<\/p>\n\n\n\n<p class=\"wp-block-paragraph\">Ez a kurzus online vagy szem\u00e9lyesen is elv\u00e9gezhet\u0151. Az online kurzus 20 \u00f3r\u00e1s, m\u00edg a szem\u00e9lyes kurzus ak\u00e1r 160 \u00f3r\u00e1s is lehet.<\/p>\n\n\n\n<p class=\"wp-block-paragraph\">Fontos megjegyezni, hogy a kurzus id\u0151tartama egys\u00e9genk\u00e9nt v\u00e1ltozhat. Ez\u00e9rt ellen\u0151rizd az \u00e1llamodra vonatkoz\u00f3 hivatalos Senac weboldalt!<\/p>\n\n\n\n<h2 class=\"wp-block-heading\">\u00c1ll\u00e1slehet\u0151s\u00e9gek sminkesek sz\u00e1m\u00e1ra<\/h2>\n\n\n\n<p class=\"wp-block-paragraph\">A Senac sminktanfolyam elv\u00e9gz\u00e9se ut\u00e1n a hallgat\u00f3k tan\u00fas\u00edtv\u00e1nyt kapnak.<\/p>\n\n\n\n<p class=\"wp-block-paragraph\">A k\u00e9pz\u00e9s elv\u00e9gz\u00e9se ut\u00e1n a szakemberek k\u00e9szen \u00e1llnak a munkaer\u0151piacon val\u00f3 elhelyezked\u00e9sre.<\/p>\n\n\n\n<p class=\"wp-block-paragraph\">A sminkesek a k\u00f6vetkez\u0151 ter\u00fcleteken dolgozhatnak:<\/p>\n\n\n\n<ul class=\"wp-block-list\">\n<li>Sz\u00e9ps\u00e9gszalonok;<\/li>\n\n\n\n<li>Gy\u00f3gyf\u00fcrd\u0151k;<\/li>\n\n\n\n<li>Fot\u00f3st\u00fadi\u00f3k;<\/li>\n\n\n\n<li>T\u00e1rsas\u00e1gi esem\u00e9nyek;<\/li>\n\n\n\n<li>Divatprodukci\u00f3k;<\/li>\n\n\n\n<li>\u00c9s m\u00e1sok.<\/li>\n<\/ul>\n\n\n\n<p class=\"wp-block-paragraph\">Ezenk\u00edv\u00fcl a sminkesek v\u00e1laszthatj\u00e1k azt is, hogy szabad\u00fasz\u00f3k\u00e9nt dolgoznak, mag\u00e1n\u00fcgyfeleket szolg\u00e1lnak ki, vagy saj\u00e1t sminkst\u00fadi\u00f3t nyitnak.<\/p>\n\n\n\n<h2 class=\"wp-block-heading\">Hogyan tudok jelentkezni a Senac sminktanfolyamra?<\/h2>\n\n\n\n<p class=\"wp-block-paragraph\">Mint l\u00e1ttuk, a Senac sminktanfolyam kiv\u00e1l\u00f3 v\u00e1laszt\u00e1s azok sz\u00e1m\u00e1ra, akik szeretn\u00e9nek ezen a ter\u00fcleten k\u00e9pezni magukat, \u00faj ismereteket szerezni, \u00e9s kit\u00fcntet\u00e9ssel elhelyezkedni a munkaer\u0151piacon.<\/p>\n\n\n\n<p class=\"wp-block-paragraph\">A kurzus ingyenes, \u00e9s m\u00e9g elv\u00e9gz\u00e9si tan\u00fas\u00edtv\u00e1nyt is k\u00edn\u00e1lnak. Ahhoz, hogy kihaszn\u00e1lhassa ezeket az el\u0151ny\u00f6ket, regisztr\u00e1lnia kell.<\/p>\n\n\n\n<p class=\"wp-block-paragraph\">A regisztr\u00e1ci\u00f3 egyszer\u0171, \u00e9s mind\u00f6ssze n\u00e9h\u00e1ny l\u00e9p\u00e9sben elv\u00e9gezhet\u0151. Szeretn\u00e9d biztos\u00edtani a helyed? Akkor kattints az al\u00e1bbi gombra!<\/p>","protected":false},"excerpt":{"rendered":"<p>O Senac est\u00e1 oferecendo vagas em seu Curso de Maquiagem para aqueles que est\u00e3o interessados em se capacitar nesta \u00e1rea. O curso \u00e9 totalmente gratuito e est\u00e1 dispon\u00edvel em todas as filiais do Senac pelo Brasil. Ao longo do curso, os estudantes ter\u00e3o acesso a um conte\u00fado abrangente e ficar\u00e3o a par de todos os [&hellip;]<\/p>","protected":false},"author":3,"featured_media":129,"comment_status":"open","ping_status":"open","sticky":false,"template":"","format":"standard","meta":{"footnotes":""},"categories":[5],"tags":[],"key_interest":[],"class_list":["post-133","post","type-post","status-publish","format-standard","has-post-thumbnail","hentry","category-cursos-e-formacoes"],"_links":{"self":[{"href":"https:\/\/vejabeneficios.com\/hu\/wp-json\/wp\/v2\/posts\/133","targetHints":{"allow":["GET"]}}],"collection":[{"href":"https:\/\/vejabeneficios.com\/hu\/wp-json\/wp\/v2\/posts"}],"about":[{"href":"https:\/\/vejabeneficios.com\/hu\/wp-json\/wp\/v2\/types\/post"}],"author":[{"embeddable":true,"href":"https:\/\/vejabeneficios.com\/hu\/wp-json\/wp\/v2\/users\/3"}],"replies":[{"embeddable":true,"href":"https:\/\/vejabeneficios.com\/hu\/wp-json\/wp\/v2\/comments?post=133"}],"version-history":[{"count":1,"href":"https:\/\/vejabeneficios.com\/hu\/wp-json\/wp\/v2\/posts\/133\/revisions"}],"predecessor-version":[{"id":140,"href":"https:\/\/vejabeneficios.com\/hu\/wp-json\/wp\/v2\/posts\/133\/revisions\/140"}],"wp:featuredmedia":[{"embeddable":true,"href":"https:\/\/vejabeneficios.com\/hu\/wp-json\/wp\/v2\/media\/129"}],"wp:attachment":[{"href":"https:\/\/vejabeneficios.com\/hu\/wp-json\/wp\/v2\/media?parent=133"}],"wp:term":[{"taxonomy":"category","embeddable":true,"href":"https:\/\/vejabeneficios.com\/hu\/wp-json\/wp\/v2\/categories?post=133"},{"taxonomy":"post_tag","embeddable":true,"href":"https:\/\/vejabeneficios.com\/hu\/wp-json\/wp\/v2\/tags?post=133"},{"taxonomy":"key_interest","embeddable":true,"href":"https:\/\/vejabeneficios.com\/hu\/wp-json\/wp\/v2\/key_interest?post=133"}],"curies":[{"name":"wp","href":"https:\/\/api.w.org\/{rel}","templated":true}]}}