{"id":222,"date":"2023-07-02T10:57:48","date_gmt":"2023-07-02T10:57:48","guid":{"rendered":"https:\/\/vejabeneficios.com\/?p=222"},"modified":"2023-07-02T10:57:49","modified_gmt":"2023-07-02T10:57:49","slug":"trabalhar-na-globo-vagas-de-emprego-e-estagio-abertas","status":"publish","type":"post","link":"https:\/\/vejabeneficios.com\/hu\/dolgozz-a-globonal-allas-es-gyakornoki-lehetosegek\/","title":{"rendered":"Munka a Globon\u00e1l: Ny\u00edlt \u00e1ll\u00e1sok \u00e9s szakmai gyakorlatok"},"content":{"rendered":"<p class=\"wp-block-paragraph\">Mit sz\u00f3ln\u00e1l, ha egy\u00fctt mer\u00fcln\u00e9nk el Braz\u00edlia legnagyobb telev\u00edzi\u00f3s csatorn\u00e1j\u00e1nak kulissz\u00e1i m\u00f6g\u00e9? Term\u00e9szetesen a Rede Glob\u00f3r\u00f3l besz\u00e9l\u00fcnk.&nbsp;<\/p>\n\n\n\n<p class=\"wp-block-paragraph\">Igen, \u00edgy van, k\u00e9szen \u00e1llunk, hogy elkalauzoljunk egy utaz\u00e1sra a Globo vil\u00e1g\u00e1ban, ahol sz\u00e1mos \u00e1ll\u00e1s- \u00e9s gyakornoki lehet\u0151s\u00e9get tal\u00e1lsz.&nbsp;<\/p>\n\n\n\n<p class=\"wp-block-paragraph\">K\u00f6vess minket, hogy t\u00f6bbet megtudj!<\/p>\n\n\n\n<h2 class=\"wp-block-heading\">A Rede Globo-r\u00f3l<\/h2>\n\n\n\n<p class=\"wp-block-paragraph\">Miel\u0151tt a munka- \u00e9s gyakornoki lehet\u0151s\u00e9gekr\u0151l besz\u00e9ln\u00e9nk, n\u00e9zz\u00fck meg gyorsan, hogy ki is az a Globo. Azoknak, akik nem tudj\u00e1k, a Rede Globo a vil\u00e1g egyik legnagyobb telev\u00edzi\u00f3s h\u00e1l\u00f3zata, \u00e9s egyben Latin-Amerika legnagyobbja.&nbsp;<\/p>\n\n\n\n<p class=\"wp-block-paragraph\">Tov\u00e1bb\u00e1 a tartalomgy\u00e1rt\u00e1s egyik piacvezet\u0151je, szappanoper\u00e1kkal, sorozatokkal, variet\u00e9m\u0171sorokkal \u00e9s h\u00edrm\u0171sorokkal, amelyeket a vil\u00e1g szinte minden szeglet\u00e9be sug\u00e1roznak.&nbsp;<\/p>\n\n\n\n<p class=\"wp-block-paragraph\">Nem v\u00e9letlen, hogy a v\u00e1llalat vezet\u0151 szerepet t\u00f6lt be az \u00e1gazatban, \u00e9s ennyi \u00e9rdekl\u0151d\u0151t vonz.<\/p>\n\n\n\n<h2 class=\"wp-block-heading\">Hogyan m\u0171k\u00f6dnek az \u00e1ll\u00e1slehet\u0151s\u00e9gek a Glob\u00f3n\u00e1l?<\/h2>\n\n\n\n<p class=\"wp-block-paragraph\">Most pedig t\u00e9rj\u00fcnk r\u00e1 arra, ami igaz\u00e1n sz\u00e1m\u00edt: a Globo-n\u00e1l k\u00edn\u00e1lt \u00e1ll\u00e1s- \u00e9s gyakornoki lehet\u0151s\u00e9gekre! A v\u00e1llalat dinamikus \u00e9s inspir\u00e1l\u00f3 munkak\u00f6rnyezet\u00e9r\u0151l, valamint arr\u00f3l ismert, hogy mindig tehets\u00e9ges munkat\u00e1rsakat keres csapataiba.<\/p>\n\n\n\n<p class=\"wp-block-paragraph\">A Globo \u00e1ll\u00e1saj\u00e1nlatai meglehet\u0151sen v\u00e1ltozatosak, az \u00fajs\u00e1g\u00edr\u00e1st\u00f3l \u00e9s tartalomgy\u00e1rt\u00e1st\u00f3l kezdve az informatikai, marketing, \u00e9rt\u00e9kes\u00edt\u00e9si, hum\u00e1ner\u0151forr\u00e1s \u00e9s egy\u00e9b poz\u00edci\u00f3kon \u00e1t.&nbsp;<\/p>\n\n\n\n<p class=\"wp-block-paragraph\">Tov\u00e1bb\u00e1 a Globo egy nagyra becs\u00fclt gyakornoki programmal is rendelkezik, amely megnyitja az utat az egyetemi hallgat\u00f3k el\u0151tt, hogy elkezdhess\u00e9k karrierj\u00fcket a telev\u00edzi\u00f3s iparban.<\/p>\n\n\n\n<h2 class=\"wp-block-heading\">Melyek a szabad \u00e1ll\u00e1sok?<\/h2>\n\n\n\n<p class=\"wp-block-paragraph\">A Globo mindig keres \u00faj tehets\u00e9geket, \u00edgy a bet\u00f6lthet\u0151 poz\u00edci\u00f3k gyakran v\u00e1ltoznak.&nbsp;<\/p>\n\n\n\n<p class=\"wp-block-paragraph\">Hogy legyen egy kis \u00edzel\u00edt\u0151d, jelenleg k\u00fcl\u00f6nb\u00f6z\u0151 ter\u00fcleteken dolgoz\u00f3 szakemberek sz\u00e1m\u00e1ra vannak nyitott \u00e1ll\u00e1sok, bele\u00e9rtve \u00fajs\u00e1g\u00edr\u00f3kat, producereket, vide\u00f3szerkeszt\u0151ket, szoftverfejleszt\u0151ket, marketing elemz\u0151ket \u00e9s m\u00e1sokat.&nbsp;<\/p>\n\n\n\n<p class=\"wp-block-paragraph\">Emellett sz\u00e1mos szakmai gyakorlati lehet\u0151s\u00e9g is van egyetemi hallgat\u00f3k sz\u00e1m\u00e1ra.<\/p>\n\n\n\n<p class=\"wp-block-paragraph\">Fontos hangs\u00falyozni, hogy a Globo egy olyan v\u00e1llalat, amely nagyra \u00e9rt\u00e9keli a soksz\u00edn\u0171s\u00e9get \u00e9s a befogad\u00e1st, ez\u00e9rt mindenki jelentkez\u00e9s\u00e9t \u00f6szt\u00f6nzi, nemt\u0151l, kort\u00f3l, faji hovatartoz\u00e1st\u00f3l, vall\u00e1st\u00f3l vagy szexu\u00e1lis ir\u00e1nyults\u00e1gt\u00f3l f\u00fcggetlen\u00fcl.<\/p>\n\n\n\n<h2 class=\"wp-block-heading\">Hogyan k\u00fcldhetem be az \u00f6n\u00e9letrajzomat \u00e1ll\u00e1saj\u00e1nlatokra?<\/h2>\n\n\n\n<p class=\"wp-block-paragraph\">Most, hogy mindent tudsz a Glob\u00f3r\u00f3l \u00e9s a meg\u00fcresedett poz\u00edci\u00f3kr\u00f3l, val\u00f3sz\u00edn\u0171leg azon t\u0171n\u0151dsz: hogyan jelentkezhetek?<\/p>\n\n\n\n<p class=\"wp-block-paragraph\">\u00d6n\u00e9letrajzod bek\u00fcld\u00e9s\u00e9hez fel kell keresned a Globo hivatalos karrier weboldal\u00e1t. Ott megtekintheted az \u00f6sszes el\u00e9rhet\u0151 poz\u00edci\u00f3t, \u00e9s r\u00e9szletes inform\u00e1ci\u00f3kat kaphatsz mindegyikr\u0151l.<\/p>\n\n\n\n<p class=\"wp-block-paragraph\">\u00c1ll\u00e1sra val\u00f3 jelentkez\u00e9shez l\u00e9tre kell hoznia egy profilt a karrierport\u00e1lon, amely tartalmazza az iskolai v\u00e9gzetts\u00e9g\u00e9re, munkatapasztalat\u00e1ra \u00e9s k\u00e9szs\u00e9geire vonatkoz\u00f3 inform\u00e1ci\u00f3kat. A profil l\u00e9trehoz\u00e1sa ut\u00e1n bek\u00fcldheti \u00f6n\u00e9letrajz\u00e1t az \u00d6nt \u00e9rdekl\u0151 \u00e1ll\u00e1sokra.<\/p>\n\n\n\n<p class=\"wp-block-paragraph\">Ne felejtsd el minden egyes megp\u00e1ly\u00e1zott \u00e1ll\u00e1shoz igaz\u00edtani az \u00f6n\u00e9letrajzodat, kiemelve azokat a k\u00e9szs\u00e9geidet \u00e9s tapasztalataidat, amelyek a poz\u00edci\u00f3hoz legink\u00e1bb relev\u00e1nsak. Ez n\u00f6veli az es\u00e9lyeidet, hogy beh\u00edvnak interj\u00fara.<\/p>\n\n\n\n<p class=\"wp-block-paragraph\">K\u00e9szen \u00e1llsz h\u00e1t, hogy elindulj ezen az \u00faton \u00e9s a Globo csapat\u00e1nak r\u00e9sz\u00e9v\u00e9 v\u00e1lj? Sok szerencs\u00e9t, \u00e9s k\u00edv\u00e1nom, hogy karriered tele legyen sok &quot;Plim Plim&quot; pillanattal!<\/p>","protected":false},"excerpt":{"rendered":"<p>Que tal mergulharmos juntos nos bastidores do maior canal de televis\u00e3o do Brasil? Estamos falando, \u00e9 claro, da Rede Globo.&nbsp; Sim, \u00e9 isso mesmo, estamos prontos para te guiar em uma jornada pelo mundo da Globo e suas oportunidades de emprego e est\u00e1gio.&nbsp; Acompanhe para saber mais! Sobre a Rede Globo Antes de falarmos sobre [&hellip;]<\/p>","protected":false},"author":3,"featured_media":468,"comment_status":"open","ping_status":"open","sticky":false,"template":"","format":"standard","meta":{"footnotes":""},"categories":[3],"tags":[],"key_interest":[],"class_list":["post-222","post","type-post","status-publish","format-standard","has-post-thumbnail","hentry","category-emprego-e-profissoes"],"_links":{"self":[{"href":"https:\/\/vejabeneficios.com\/hu\/wp-json\/wp\/v2\/posts\/222","targetHints":{"allow":["GET"]}}],"collection":[{"href":"https:\/\/vejabeneficios.com\/hu\/wp-json\/wp\/v2\/posts"}],"about":[{"href":"https:\/\/vejabeneficios.com\/hu\/wp-json\/wp\/v2\/types\/post"}],"author":[{"embeddable":true,"href":"https:\/\/vejabeneficios.com\/hu\/wp-json\/wp\/v2\/users\/3"}],"replies":[{"embeddable":true,"href":"https:\/\/vejabeneficios.com\/hu\/wp-json\/wp\/v2\/comments?post=222"}],"version-history":[{"count":1,"href":"https:\/\/vejabeneficios.com\/hu\/wp-json\/wp\/v2\/posts\/222\/revisions"}],"predecessor-version":[{"id":233,"href":"https:\/\/vejabeneficios.com\/hu\/wp-json\/wp\/v2\/posts\/222\/revisions\/233"}],"wp:featuredmedia":[{"embeddable":true,"href":"https:\/\/vejabeneficios.com\/hu\/wp-json\/wp\/v2\/media\/468"}],"wp:attachment":[{"href":"https:\/\/vejabeneficios.com\/hu\/wp-json\/wp\/v2\/media?parent=222"}],"wp:term":[{"taxonomy":"category","embeddable":true,"href":"https:\/\/vejabeneficios.com\/hu\/wp-json\/wp\/v2\/categories?post=222"},{"taxonomy":"post_tag","embeddable":true,"href":"https:\/\/vejabeneficios.com\/hu\/wp-json\/wp\/v2\/tags?post=222"},{"taxonomy":"key_interest","embeddable":true,"href":"https:\/\/vejabeneficios.com\/hu\/wp-json\/wp\/v2\/key_interest?post=222"}],"curies":[{"name":"wp","href":"https:\/\/api.w.org\/{rel}","templated":true}]}}