{"id":30,"date":"2023-07-02T13:53:37","date_gmt":"2023-07-02T13:53:37","guid":{"rendered":"https:\/\/vejabeneficios.com\/?p=30"},"modified":"2023-07-02T13:53:37","modified_gmt":"2023-07-02T13:53:37","slug":"jovem-aprendiz-bradesco-2023","status":"publish","type":"post","link":"https:\/\/vejabeneficios.com\/hu\/bradesco-fiatal-gyakornok-2023\/","title":{"rendered":"Bradesco Young Apprentice 2023"},"content":{"rendered":"<p class=\"wp-block-paragraph\">Ha az els\u0151 szakmai tapasztalatodat keresed,&nbsp;<strong>Bradesco Young Apprentice 2023<\/strong>Ez lehet a t\u00f6k\u00e9letes alternat\u00edva az \u00d6n sz\u00e1m\u00e1ra.<\/p>\n\n\n\n<p class=\"wp-block-paragraph\">Ez a munkahelyteremt\u0151 kezdem\u00e9nyez\u00e9s nagyszer\u0171 lehet\u0151s\u00e9get k\u00edn\u00e1l azok sz\u00e1m\u00e1ra, akik szeretn\u00e9k megtenni az els\u0151 l\u00e9p\u00e9seket a munkaer\u0151piacon, ak\u00e1r el\u0151zetes tapasztalat n\u00e9lk\u00fcl is.<\/p>\n\n\n\n<p class=\"wp-block-paragraph\">Ha \u00e9rdekel a Young Apprentice programban val\u00f3 r\u00e9szv\u00e9tel, itt megtal\u00e1lod a Bradesco kiv\u00e1laszt\u00e1si folyamat\u00e1val kapcsolatos \u00f6sszes l\u00e9nyeges inform\u00e1ci\u00f3t.<\/p>\n\n\n\n<h2 class=\"wp-block-heading\">Mi a Bradesco Young Apprentice programja 2023-ban?<\/h2>\n\n\n\n<p class=\"wp-block-paragraph\">A&nbsp;<strong>Bradesco Young Apprentice 2023<\/strong>&nbsp;Ez a Banco Bradesco kezdem\u00e9nyez\u00e9se, amelynek c\u00e9lja, hogy munkalehet\u0151s\u00e9geket biztos\u00edtson az els\u0151 munkahely\u00fcket keres\u0151 fiatalok sz\u00e1m\u00e1ra. Ez a program a tanul\u00f3szerz\u0151d\u00e9ses gyakorlatr\u00f3l sz\u00f3l\u00f3 t\u00f6rv\u00e9ny r\u00e9sze, amely el\u0151\u00edrja, hogy a k\u00f6z\u00e9p- \u00e9s nagyv\u00e1llalatoknak 5% \u00e9s 15% k\u00f6z\u00f6tti sz\u00e1m\u00fa tanul\u00f3szerz\u0151d\u00e9ses gyakorlati helyet kell elfoglalniuk.<\/p>\n\n\n\n<p class=\"wp-block-paragraph\">A programon kereszt\u00fcl&nbsp;<strong>Bradesco Young Apprentice 2023<\/strong>A fiatal munkat\u00e1rsak technikai \u00e9s szakmai k\u00e9pz\u00e9sben r\u00e9szes\u00fclnek, \u00e9s gyakorlati tev\u00e9kenys\u00e9geket v\u00e9geznek a p\u00e9nzint\u00e9zeten bel\u00fcl. Tapasztalt szakemberek mentor\u00e1lj\u00e1k \u0151ket, akik ir\u00e1ny\u00edtj\u00e1k \u00e9s seg\u00edtik k\u00e9szs\u00e9geik \u00e9s kompetenci\u00e1ik fejleszt\u00e9s\u00e9t.<\/p>\n\n\n\n<p class=\"wp-block-paragraph\">A program lehet\u0151s\u00e9get biztos\u00edt a tanul\u00e1sra \u00e9s a tapasztalatszerz\u00e9sre Braz\u00edlia egyik legnagyobb p\u00e9nzint\u00e9zet\u00e9n\u00e9l. Ezenk\u00edv\u00fcl a fiatal gyakornokok jogosultak d\u00edjaz\u00e1sra, juttat\u00e1sokra, valamint a program befejez\u00e9se ut\u00e1ni \u00e1lland\u00f3 foglalkoztat\u00e1s lehet\u0151s\u00e9g\u00e9re, teljes\u00edtm\u00e9ny\u00fckt\u0151l \u00e9s a poz\u00edci\u00f3k el\u00e9rhet\u0151s\u00e9g\u00e9t\u0151l f\u00fcgg\u0151en.<\/p>\n\n\n\n<p class=\"wp-block-paragraph\">A programban val\u00f3 r\u00e9szv\u00e9tel krit\u00e9riumai&nbsp;<strong>Bradesco Young Apprentice 2023<\/strong>&nbsp;Ezek a k\u00f6vetelm\u00e9nyek \u00e1ltal\u00e1ban egy meghat\u00e1rozott \u00e9letkori k\u00f6vetelm\u00e9nynek val\u00f3 megfelel\u00e9st (\u00e1ltal\u00e1ban 14 \u00e9s 24 \u00e9v k\u00f6z\u00f6tti \u00e9letkor), iskol\u00e1ba j\u00e1r\u00e1st (ha m\u00e9g nem fejezted be a k\u00f6z\u00e9piskol\u00e1t), valamint a program \u00e1ltal meghat\u00e1rozott munkaid\u0151 teljes\u00edt\u00e9s\u00e9re val\u00f3 rendelkez\u00e9sre \u00e1ll\u00e1st foglalnak magukban.<\/p>\n\n\n\n<h2 class=\"wp-block-heading\">Hogyan m\u0171k\u00f6dik a Fiatal Tanul\u00f3program?<\/h2>\n\n\n\n<p class=\"wp-block-paragraph\">A Fiatal Tanul\u00f3program egy olyan kezdem\u00e9nyez\u00e9s, amelynek c\u00e9lja, hogy munkalehet\u0151s\u00e9geket \u00e9s szakmai k\u00e9pz\u00e9st biztos\u00edtson a munkaer\u0151piacra bel\u00e9p\u0151 fiatalok sz\u00e1m\u00e1ra.&nbsp;<\/p>\n\n\n\n<p class=\"wp-block-paragraph\">A program v\u00e1llalatok \u00e9s oktat\u00e1si int\u00e9zm\u00e9nyek, p\u00e9ld\u00e1ul szakiskol\u00e1k \u00e9s tanul\u00e1si szervezetek partners\u00e9g\u00e9n kereszt\u00fcl m\u0171k\u00f6dik.<\/p>\n\n\n\n<p class=\"wp-block-paragraph\">A gyakornokk\u00e9nt felvett fiataloknak lehet\u0151s\u00e9g\u00fck van az elm\u00e9leti tantermi tev\u00e9kenys\u00e9geket a v\u00e1llalatokn\u00e1l v\u00e9gzett gyakorlati tev\u00e9kenys\u00e9gekkel \u00f6tv\u00f6zni.&nbsp;<\/p>\n\n\n\n<p class=\"wp-block-paragraph\">A program sor\u00e1n a tanul\u00f3k szakk\u00e9pz\u00e9sben r\u00e9szes\u00fclnek, gyakorlati tapasztalatot szereznek val\u00f3s munkak\u00f6rnyezetben, \u00e9s tev\u00e9kenys\u00e9g\u00fck\u00e9rt kompenz\u00e1ci\u00f3t kapnak.<\/p>\n\n\n\n<p class=\"wp-block-paragraph\">Tov\u00e1bb\u00e1 a Fiatal Tanul\u00f3programot k\u00fcl\u00f6n jogszab\u00e1lyok szab\u00e1lyozz\u00e1k, amelyek meghat\u00e1rozz\u00e1k a r\u00e9sztvev\u0151k k\u00f6vetelm\u00e9nyeit \u00e9s jogait. P\u00e9ld\u00e1ul a fiataloknak rendes oktat\u00e1si int\u00e9zm\u00e9nyekbe kell beiratkozniuk, \u00e9s a munkaidej\u00fckkel ar\u00e1nyos fizet\u00e9st kell kapniuk.<\/p>\n\n\n\n<p class=\"wp-block-paragraph\">Ez a kezdem\u00e9nyez\u00e9s a fiatalok szakmai fejl\u0151d\u00e9s\u00e9nek \u00f6szt\u00f6nz\u00e9s\u00e9re szolg\u00e1l, lehet\u0151s\u00e9get k\u00edn\u00e1lva a tanul\u00e1sra \u00e9s a munkaer\u0151piacra val\u00f3 bel\u00e9p\u00e9sre.&nbsp;<\/p>\n\n\n\n<p class=\"wp-block-paragraph\">A Fiatal Tanul\u00f3program nagyszer\u0171 m\u00f3dja annak, hogy k\u00e9szs\u00e9geket \u00e9s tapasztalatokat szerezz, \u00e9s a j\u00f6v\u0151beni munkalehet\u0151s\u00e9gek kapuit nyitd meg.<\/p>\n\n\n\n<h2 class=\"wp-block-heading\">Milyen el\u0151ny\u00f6ket k\u00edn\u00e1l a Bradesco?<\/h2>\n\n\n\n<p class=\"wp-block-paragraph\">A program&nbsp;<strong>Bradesco Young Apprentice 2023<\/strong>&nbsp;Sz\u00e1mos el\u0151nyt \u00e9s juttat\u00e1sb\u00f3l ered\u0151 k\u00f6lts\u00e9get k\u00edn\u00e1l a sikeres jel\u00f6ltek sz\u00e1m\u00e1ra, annak ellen\u00e9re, hogy nem CLT (brazil munkajog) szerinti munkaszerz\u0151d\u00e9sr\u0151l van sz\u00f3.&nbsp;<\/p>\n\n\n\n<p class=\"wp-block-paragraph\">A programhoz val\u00f3 csatlakoz\u00e1ssal olyan el\u0151ny\u00f6kh\u00f6z f\u00e9rhetsz hozz\u00e1, mint:<\/p>\n\n\n\n<ul class=\"wp-block-list\">\n<li>Cs\u00f6kkentett munkaid\u0151: A fiatal gyakornokok r\u00f6videbb munkaid\u0151vel rendelkeznek a t\u00f6bbi alkalmazotthoz k\u00e9pest, ami lehet\u0151v\u00e9 teszi sz\u00e1mukra, hogy egyens\u00falyt teremtsenek a szakmai tev\u00e9kenys\u00e9geik \u00e9s a tanulm\u00e1nyaik k\u00f6z\u00f6tt.<\/li>\n\n\n\n<li>Szakmai tapasztalat: A program \u00e9rt\u00e9kes lehet\u0151s\u00e9get biztos\u00edt gyakorlati tapasztalatok szerz\u00e9s\u00e9re a munkahelyen, ami rendk\u00edv\u00fcl fontos a szakmai fejl\u0151d\u00e9s szempontj\u00e1b\u00f3l.<\/li>\n\n\n\n<li>L\u00e9gkondicion\u00e1lt k\u00f6rnyezet: A Bradesco, mint elismert p\u00e9nzint\u00e9zet, k\u00e9nyelmes \u00e9s l\u00e9gkondicion\u00e1lt munkak\u00f6rnyezetet k\u00edn\u00e1l, kellemes munkahelyet biztos\u00edtva.<\/li>\n\n\n\n<li>M\u00e9lt\u00e1nyos b\u00e9rez\u00e9s: A fiatal gyakornokok megfelel\u0151 kompenz\u00e1ci\u00f3t kapnak, ami j\u00f6vedelemforr\u00e1st biztos\u00edt a program alatt.<\/li>\n\n\n\n<li>Juttat\u00e1sok: A fizet\u00e9sen fel\u00fcl a Bradesco Young Apprentice program tov\u00e1bbi juttat\u00e1sokat is k\u00edn\u00e1lhat, p\u00e9ld\u00e1ul \u00e9tkez\u00e9si utalv\u00e1nyokat, utaz\u00e1si t\u00e1mogat\u00e1st, tanfolyami kedvezm\u00e9nyeket, edz\u0151termi tags\u00e1got \u00e9s egy\u00e9b exkluz\u00edv el\u0151ny\u00f6ket.<\/li>\n\n\n\n<li>\u00d6n\u00e9letrajz fejleszt\u00e9se: A Bradesco Young Apprentice programban val\u00f3 r\u00e9szv\u00e9tel \u00e9rt\u00e9ket ad az \u00f6n\u00e9letrajzodhoz, kiemelve a munkatapasztalatodat az orsz\u00e1g egyik legelismertebb bankint\u00e9zet\u00e9n\u00e9l.<\/li>\n\n\n\n<li>FGTS \u00e9s 13. fizet\u00e9s: A fiatal gyakornokok jogosultak a szolg\u00e1lati id\u0151 garanciaalapj\u00e1ra (FGTS) \u00e9s a 13. fizet\u00e9sre, annak ellen\u00e9re, hogy nem hagyom\u00e1nyos munkaszerz\u0151d\u00e9sr\u0151l van sz\u00f3.<\/li>\n\n\n\n<li>Szakmai k\u00e9pz\u00e9s: A Bradesco Young Apprentice programja megfelel\u0151 k\u00e9pz\u00e9st k\u00edn\u00e1l a munkak\u00f6ri teljes\u00edtm\u00e9nyhez, tapasztalt szakemberek mentor\u00e1l\u00e1s\u00e1val, lehet\u0151v\u00e9 t\u00e9ve a karrierhez kapcsol\u00f3d\u00f3 k\u00e9szs\u00e9gek \u00e9s ismeretek fejleszt\u00e9s\u00e9t.<\/li>\n\n\n\n<li>6-8 \u00f3r\u00e1s munkarend: A program munkarendje napi 6 \u00e9s 8 \u00f3ra k\u00f6z\u00f6tt v\u00e1ltozik, \u00edgy alkalmas a fiatal gyakornokok tanulm\u00e1nyi fejl\u0151d\u00e9s\u00e9hez.<\/li>\n\n\n\n<li>K\u00e9szs\u00e9gfejleszt\u00e9s: A programban val\u00f3 r\u00e9szv\u00e9tel lehet\u0151v\u00e9 teszi a szakmai \u00e9s szem\u00e9lyes k\u00e9szs\u00e9gek fejleszt\u00e9s\u00e9t, amelyek fontosak a j\u00f6v\u0151beli karrierutak szempontj\u00e1b\u00f3l.<\/li>\n<\/ul>\n\n\n\n<p class=\"wp-block-paragraph\">Val\u00f3j\u00e1ban ezek csak n\u00e9h\u00e1ny el\u0151ny a Bradesco Young Apprentice program \u00e1ltal k\u00edn\u00e1lt el\u0151ny\u00f6k k\u00f6z\u00fcl.&nbsp;<\/p>\n\n\n\n<h2 class=\"wp-block-heading\">A programban el\u00e9rhet\u0151 \u00e1ll\u00e1slehet\u0151s\u00e9gek.<\/h2>\n\n\n\n<p class=\"wp-block-paragraph\">A program&nbsp;<strong>Bradesco Young Apprentice 2023<\/strong>&nbsp;Ez egy orsz\u00e1gos program, ez\u00e9rt a bet\u00f6lthet\u0151 poz\u00edci\u00f3k \u00e1llamonk\u00e9nt elt\u00e9r\u0151ek lehetnek.&nbsp;<\/p>\n\n\n\n<p class=\"wp-block-paragraph\">Ezenk\u00edv\u00fcl a Bradesco k\u00fcl\u00f6nb\u00f6z\u0151 r\u00e9gi\u00f3kban tal\u00e1lhat\u00f3 fi\u00f3kjai az adott \u00fcgyn\u00f6ks\u00e9g egyedi ig\u00e9nyeinek megfelel\u0151en k\u00edn\u00e1lnak \u00e1ll\u00e1saj\u00e1nlatokat.<\/p>\n\n\n\n<p class=\"wp-block-paragraph\">\u00d6sszess\u00e9g\u00e9ben a Bradesco Young Apprentice programban rejl\u0151 lehet\u0151s\u00e9gek az int\u00e9zm\u00e9ny k\u00fcl\u00f6nb\u00f6z\u0151 \u00e1gazatait \u00f6lelhetik fel.<\/p>\n\n\n\n<p class=\"wp-block-paragraph\">A fiatal gyakornokok \u00e1ltal bet\u00f6lthet\u0151 lehets\u00e9ges szerepek k\u00f6z\u00e9 tartozik:<\/p>\n\n\n\n<ul class=\"wp-block-list\">\n<li>Adminisztrat\u00edv szektorokban dolgoz\u00f3 szakemberek seg\u00edt\u00e9se: Ez mag\u00e1ban foglalja a rutintev\u00e9kenys\u00e9gekben val\u00f3 t\u00e1mogat\u00e1st, a dokumentumok rendszerez\u00e9s\u00e9ben, az \u0171rlapok kit\u00f6lt\u00e9s\u00e9ben val\u00f3 seg\u00edts\u00e9get, valamint egy\u00e9b adminisztrat\u00edv feladatokat.<\/li>\n\n\n\n<li>Banki sorok rendszerez\u00e9se: A fiatal gyakornokok seg\u00edthetnek az \u00fcgyf\u00e9lszolg\u00e1lati sorok rendszerez\u00e9s\u00e9ben, biztos\u00edtva az \u00fcgyfelek z\u00f6kken\u0151mentes \u00e9s szervezett \u00e1raml\u00e1s\u00e1t a bankfi\u00f3kokban.<\/li>\n\n\n\n<li>\u00dcgyf\u00e9lszolg\u00e1lat \u00e9s t\u00e1mogat\u00e1s ny\u00fajt\u00e1sa: A gyakornokok alapvet\u0151 inform\u00e1ci\u00f3k ny\u00fajt\u00e1s\u00e1val, a megfelel\u0151 szakemberekhez ir\u00e1ny\u00edt\u00e1s\u00e1val \u00e9s \u00e1ltal\u00e1nos t\u00e1mogat\u00e1s ny\u00fajt\u00e1s\u00e1val seg\u00edthetik az \u00fcgyf\u00e9lszolg\u00e1latot.<\/li>\n\n\n\n<li>Dokumentumok rendszerez\u00e9se \u00e9s e-mailek megv\u00e1laszol\u00e1sa: A fiatalok felel\u0151s szakemberek fel\u00fcgyelete alatt felel\u0151sek lehetnek dokumentumok rendszerez\u00e9s\u00e9\u00e9rt, iratok iktat\u00e1s\u00e1\u00e9rt, s\u0151t ak\u00e1r egyszer\u0171 e-mailek megv\u00e1laszol\u00e1s\u00e1\u00e9rt is.<\/li>\n<\/ul>\n\n\n\n<p class=\"wp-block-paragraph\">Ezek csak n\u00e9h\u00e1ny lehets\u00e9ges ter\u00fclet, ahol a Bradesco fiatal gyakornokai dolgozhatnak.&nbsp;<\/p>\n\n\n\n<p class=\"wp-block-paragraph\">Val\u00f3j\u00e1ban fontos megjegyezni, hogy a feladatok \u00e9s a felel\u0151ss\u00e9gek az \u00fcgyn\u00f6ks\u00e9gt\u0151l \u00e9s az egyes munkahelyek saj\u00e1tos ig\u00e9nyeit\u0151l f\u00fcgg\u0151en v\u00e1ltozhatnak.<\/p>\n\n\n\n<h2 class=\"wp-block-heading\">Hogyan jelentkezhetek az \u00e1ll\u00e1sprogramra?<\/h2>\n\n\n\n<p class=\"wp-block-paragraph\">Miut\u00e1n megismerkedt\u00fcnk a k\u00edn\u00e1lt el\u0151ny\u00f6kkel \u00e9s a programhoz val\u00f3 jogosults\u00e1ggal rendelkez\u0151kkel, a k\u00f6vetkez\u0151 l\u00e9p\u00e9s a kiv\u00e1laszt\u00e1si folyamatba val\u00f3 regisztr\u00e1ci\u00f3 menet\u00e9nek meg\u00e9rt\u00e9se.<\/p>\n\n\n\n<p class=\"wp-block-paragraph\">\u00c9rdekl\u0151d\u00e9st mutatsz a programban val\u00f3 helybiztos\u00edt\u00e1s m\u00f3dszer\u00e9nek meg\u00e9rt\u00e9se ir\u00e1nt.&nbsp;<strong>Bradesco Young Apprentice 2023<\/strong>?&nbsp;<\/p>\n\n\n\n<p class=\"wp-block-paragraph\">Ebben az esetben nyugodtan kattintson az al\u00e1bbi gombra, \u00e9s fedezze fel \u00fatmutat\u00f3nkban tal\u00e1lhat\u00f3 r\u00e9szletes inform\u00e1ci\u00f3kat, amelyek felsorolj\u00e1k az \u00f6sszes k\u00f6vetend\u0151 l\u00e9p\u00e9st!<\/p>","protected":false},"excerpt":{"rendered":"<p>Se voc\u00ea est\u00e1 procurando por uma primeira experi\u00eancia profissional, o&nbsp;Jovem Aprendiz Bradesco 2023pode ser a alternativa perfeita para voc\u00ea. Esta iniciativa de emprego representa uma \u00f3tima oportunidade para aqueles que aspiram dar os primeiros passos no mercado de trabalho, mesmo sem contar com experi\u00eancia pr\u00e9via. Se voc\u00ea tiver o desejo de fazer parte do programa [&hellip;]<\/p>","protected":false},"author":3,"featured_media":512,"comment_status":"open","ping_status":"open","sticky":false,"template":"","format":"standard","meta":{"footnotes":""},"categories":[3],"tags":[],"key_interest":[],"class_list":["post-30","post","type-post","status-publish","format-standard","has-post-thumbnail","hentry","category-emprego-e-profissoes"],"_links":{"self":[{"href":"https:\/\/vejabeneficios.com\/hu\/wp-json\/wp\/v2\/posts\/30","targetHints":{"allow":["GET"]}}],"collection":[{"href":"https:\/\/vejabeneficios.com\/hu\/wp-json\/wp\/v2\/posts"}],"about":[{"href":"https:\/\/vejabeneficios.com\/hu\/wp-json\/wp\/v2\/types\/post"}],"author":[{"embeddable":true,"href":"https:\/\/vejabeneficios.com\/hu\/wp-json\/wp\/v2\/users\/3"}],"replies":[{"embeddable":true,"href":"https:\/\/vejabeneficios.com\/hu\/wp-json\/wp\/v2\/comments?post=30"}],"version-history":[{"count":1,"href":"https:\/\/vejabeneficios.com\/hu\/wp-json\/wp\/v2\/posts\/30\/revisions"}],"predecessor-version":[{"id":50,"href":"https:\/\/vejabeneficios.com\/hu\/wp-json\/wp\/v2\/posts\/30\/revisions\/50"}],"wp:featuredmedia":[{"embeddable":true,"href":"https:\/\/vejabeneficios.com\/hu\/wp-json\/wp\/v2\/media\/512"}],"wp:attachment":[{"href":"https:\/\/vejabeneficios.com\/hu\/wp-json\/wp\/v2\/media?parent=30"}],"wp:term":[{"taxonomy":"category","embeddable":true,"href":"https:\/\/vejabeneficios.com\/hu\/wp-json\/wp\/v2\/categories?post=30"},{"taxonomy":"post_tag","embeddable":true,"href":"https:\/\/vejabeneficios.com\/hu\/wp-json\/wp\/v2\/tags?post=30"},{"taxonomy":"key_interest","embeddable":true,"href":"https:\/\/vejabeneficios.com\/hu\/wp-json\/wp\/v2\/key_interest?post=30"}],"curies":[{"name":"wp","href":"https:\/\/api.w.org\/{rel}","templated":true}]}}