{"id":326,"date":"2023-07-02T06:34:54","date_gmt":"2023-07-02T06:34:54","guid":{"rendered":"https:\/\/vejabeneficios.com\/?p=326"},"modified":"2023-07-02T06:34:55","modified_gmt":"2023-07-02T06:34:55","slug":"conheca-o-emprestimo-pessoal-caixa","status":"publish","type":"post","link":"https:\/\/vejabeneficios.com\/hu\/ismerje-meg-a-caixa-szemelyi-kolcsonet\/","title":{"rendered":"Ismerje meg a Caixa szem\u00e9lyi k\u00f6lcs\u00f6n\u00e9t."},"content":{"rendered":"<p class=\"wp-block-paragraph\">A Caixa Econ\u00f4mica Federal egy bankint\u00e9zm\u00e9ny, amely a p\u00e9nz\u00fcgyi term\u00e9kek \u00e9s szolg\u00e1ltat\u00e1sok sz\u00e9les sk\u00e1l\u00e1j\u00e1r\u00f3l ismert, amelyeket \u00fcgyfeleinek k\u00edn\u00e1l.&nbsp;<\/p>\n\n\n\n<p class=\"wp-block-paragraph\">K\u00f6z\u00fcl\u00fck is kiemelkedik a szem\u00e9lyi k\u00f6lcs\u00f6n, amely k\u00fcl\u00f6nf\u00e9le hitelkereteket \u00e9s exkluz\u00edv el\u0151ny\u00f6ket k\u00edn\u00e1l. Ebben a cikkben mindent bemutatunk, amit a Caixa szem\u00e9lyi k\u00f6lcs\u00f6n\u00e9r\u0151l tudni kell.<\/p>\n\n\n\n<h2 class=\"wp-block-heading\">T\u00f6bb hitelkerettel \u00e9s exkluz\u00edv el\u0151ny\u00f6kkel rendelkez\u0151 k\u00f6lcs\u00f6n.<\/h2>\n\n\n\n<p class=\"wp-block-paragraph\">Sz\u00fcks\u00e9ged van p\u00e9nzre egy r\u00e9g\u00f3ta \u00e1h\u00edtott dolog megv\u00e1s\u00e1rl\u00e1s\u00e1hoz, \u00e1lmaid utaz\u00e1s\u00e1hoz, vagy egy \u00e1lland\u00f3 ad\u00f3ss\u00e1g t\u00f6rleszt\u00e9s\u00e9hez, ami stresszt okoz? Fontold meg a Caixa szem\u00e9lyi k\u00f6lcs\u00f6n\u00e9t, amely egy rendk\u00edv\u00fcl \u00e9letk\u00e9pes p\u00e9nz\u00fcgyi megold\u00e1s.<\/p>\n\n\n\n<p class=\"wp-block-paragraph\">Ez a hitel sz\u00e9lesk\u00f6r\u0171 hitellehet\u0151s\u00e9geket k\u00edn\u00e1l, amelyek sokf\u00e9le profilhoz \u00e9s c\u00e9lhoz illeszkednek.&nbsp;<\/p>\n\n\n\n<p class=\"wp-block-paragraph\">Tov\u00e1bb\u00e1 rugalmas visszafizet\u00e9si futamid\u0151t k\u00edn\u00e1l, amely ak\u00e1r 48 h\u00f3napig is terjedhet. A k\u00f6lcs\u00f6n \u00f6sszege egy\u00f6sszegben vagy havi r\u00e9szletekben is visszafizethet\u0151, fix vagy v\u00e1ltoz\u00f3 kamatl\u00e1bbal.<\/p>\n\n\n\n<p class=\"wp-block-paragraph\">Ennek a k\u00f6lcs\u00f6nnek egy m\u00e1sik jelent\u0151s el\u0151nye a vonz\u00f3 kamatl\u00e1b, amely versenyk\u00e9pes a p\u00e9nz\u00fcgyi piacon el\u00e9rhet\u0151 t\u00f6bbi aj\u00e1nlathoz k\u00e9pest.<\/p>\n\n\n\n<h2 class=\"wp-block-heading\">Mi az a Caixa szem\u00e9lyi k\u00f6lcs\u00f6n?<\/h2>\n\n\n\n<p class=\"wp-block-paragraph\">A Caixa Econ\u00f4mica Federal Braz\u00edlia f\u0151 \u00e1llami tulajdon\u00fa p\u00e9nz\u00fcgyi int\u00e9zm\u00e9nye, amely sz\u00e9les \u00fcgyf\u00e9lk\u00f6r\u00e9nek sz\u00e9lesk\u00f6r\u0171 szolg\u00e1ltat\u00e1sokat, t\u00f6bbek k\u00f6z\u00f6tt hitellehet\u0151s\u00e9geket k\u00edn\u00e1l.<\/p>\n\n\n\n<p class=\"wp-block-paragraph\">A Caixa szem\u00e9lyi k\u00f6lcs\u00f6ne kiv\u00e1l\u00f3 v\u00e1laszt\u00e1s azok sz\u00e1m\u00e1ra, akiknek p\u00e9nz\u00fcgyi lend\u00fcletre van sz\u00fcks\u00e9g\u00fck a t\u00falzott kamatl\u00e1bak terhe n\u00e9lk\u00fcl.&nbsp;<\/p>\n\n\n\n<p class=\"wp-block-paragraph\">Ennek a hitelnek az egyik nagy el\u0151nye a t\u00f6bb el\u00e9rhet\u0151 hitelkeret, amely lehet\u0151v\u00e9 teszi az \u00fcgyfelek sz\u00e1m\u00e1ra, hogy a p\u00e9nz\u00fcgyi ig\u00e9nyeiknek \u00e9s visszafizet\u00e9si k\u00e9pess\u00e9g\u00fcknek legink\u00e1bb megfelel\u0151t v\u00e1lassz\u00e1k.<\/p>\n\n\n\n<p class=\"wp-block-paragraph\">Ahogy kor\u00e1bban kiemelt\u00fck, az ilyen t\u00edpus\u00fa k\u00f6lcs\u00f6n visszafizet\u00e9se egy \u00f6sszegben vagy havi r\u00e9szletekben is t\u00f6rt\u00e9nhet, fix vagy v\u00e1ltoz\u00f3 kamatoz\u00e1s\u00fa v\u00e1laszthat\u00f3.<\/p>\n\n\n\n<p class=\"wp-block-paragraph\">El\u00e9rhet\u0151 szem\u00e9lyi k\u00f6lcs\u00f6n\u00f6k t\u00edpusai<\/p>\n\n\n\n<h2 class=\"wp-block-heading\">A Caixa k\u00f6lcs\u00f6n\u00f6kre felsz\u00e1m\u00edtott kamatl\u00e1b<\/h2>\n\n\n\n<p class=\"wp-block-paragraph\">A kamatl\u00e1b a v\u00e1lasztott hitelkerett\u0151l f\u00fcgg\u0151en v\u00e1ltozik. A Caixa \u00e1ltal felsz\u00e1m\u00edtott kamatl\u00e1b \u00e1tlagosan havi 2,291 TP3T \u00e9s 3,701 TP3T k\u00f6z\u00f6tt mozog.<\/p>\n\n\n\n<h2 class=\"wp-block-heading\">K\u00f6lcs\u00f6n r\u00e9szletfizet\u00e9si terv<\/h2>\n\n\n\n<p class=\"wp-block-paragraph\">A Caixa szem\u00e9lyi k\u00f6lcs\u00f6n visszafizet\u00e9si ideje az \u00fcgyf\u00e9l \u00e1ltal v\u00e1lasztott hitelkerett\u0151l f\u00fcgg\u0151en v\u00e1ltozik. Tov\u00e1bb\u00e1 fontos megjegyezni, hogy a t\u00f6rleszt\u0151r\u00e9szlet \u00f6sszeg\u00e9nek meg kell felelnie az \u00fcgyf\u00e9l visszafizet\u00e9si k\u00e9pess\u00e9g\u00e9nek.<\/p>\n\n\n\n<h2 class=\"wp-block-heading\">A Caixa szem\u00e9lyi k\u00f6lcs\u00f6n\u00f6k ad\u00f3i \u00e9s d\u00edjai<\/h2>\n\n\n\n<p class=\"wp-block-paragraph\">A kamatokon k\u00edv\u00fcl figyelembe kell venni a felsz\u00e1m\u00edtott ad\u00f3kat \u00e9s d\u00edjakat is. Ezek k\u00f6z\u00e9 tartozik az IOF (p\u00e9nz\u00fcgyi tranzakci\u00f3kra kivetett ad\u00f3), amely egy k\u00f6telez\u0151 sz\u00f6vets\u00e9gi ad\u00f3.<\/p>\n\n\n\n<h2 class=\"wp-block-heading\">A Caixa szem\u00e9lyi k\u00f6lcs\u00f6n\u00f6k el\u0151nyei \u00e9s h\u00e1tr\u00e1nyai<\/h2>\n\n\n\n<h3 class=\"wp-block-heading\">El\u0151ny\u00f6k<\/h3>\n\n\n\n<ul class=\"wp-block-list\">\n<li>K\u00fcl\u00f6nb\u00f6z\u0151 hitelkeret-lehet\u0151s\u00e9gek<\/li>\n\n\n\n<li>Rugalmas fizet\u00e9si lehet\u0151s\u00e9gek<\/li>\n\n\n\n<li>Lehet\u0151s\u00e9g van biztos\u00edt\u00e1s megk\u00f6t\u00e9s\u00e9re a hitel visszafizet\u00e9s\u00e9nek garant\u00e1l\u00e1s\u00e1ra el\u0151re nem l\u00e1that\u00f3 esem\u00e9nyek eset\u00e9n.<\/li>\n<\/ul>\n\n\n\n<h3 class=\"wp-block-heading\">H\u00e1tr\u00e1nyok<\/h3>\n\n\n\n<ul class=\"wp-block-list\">\n<li>Magas kamatl\u00e1bak egyes hitelkereteken.<\/li>\n\n\n\n<li>J\u00f6vedelemigazol\u00e1s \u00e9s hitelk\u00e9pess\u00e9g-vizsg\u00e1lat sz\u00fcks\u00e9ges.<\/li>\n<\/ul>\n\n\n\n<h2 class=\"wp-block-heading\">Hogyan ig\u00e9nyelhetek k\u00f6lcs\u00f6nt a Caix\u00e1t\u00f3l?<\/h2>\n\n\n\n<p class=\"wp-block-paragraph\">A Caixa szem\u00e9lyi k\u00f6lcs\u00f6n\u00e9nek kiv\u00e1laszt\u00e1sa el\u0151ny\u00f6s azok sz\u00e1m\u00e1ra, akiknek s\u00fcrg\u0151sen p\u00e9nz\u00fcgyi forr\u00e1sokra van sz\u00fcks\u00e9g\u00fck.&nbsp;<\/p>\n\n\n\n<p class=\"wp-block-paragraph\">M\u00e9g ha a forr\u00e1sok nem is \u00e1llnak azonnal rendelkez\u00e9sre, a Caixa elk\u00f6telezett a folyamat lehet\u0151 legnagyobb m\u00e9rt\u00e9k\u0171 felgyors\u00edt\u00e1sa mellett, biztos\u00edtva a m\u0171k\u00f6d\u00e9s hat\u00e9konys\u00e1g\u00e1t.<\/p>\n\n\n\n<p class=\"wp-block-paragraph\">Ha ez a hitelt\u00edpus felkeltette az \u00e9rdekl\u0151d\u00e9sedet, elengedhetetlen, hogy meg\u00e9rtsd, hogyan m\u0171k\u00f6dik a jelentkez\u00e9si folyamat.<\/p>\n\n\n\n<p class=\"wp-block-paragraph\">Kattints az al\u00e1bbi cikkre, \u00e9s tudj meg t\u00f6bbet most!<\/p>","protected":false},"excerpt":{"rendered":"<p>A Caixa Econ\u00f4mica Federal \u00e9 uma institui\u00e7\u00e3o banc\u00e1ria conhecida pela variedade de produtos e servi\u00e7os financeiros oferecidos aos seus clientes.&nbsp; Entre eles, destaca-se o empr\u00e9stimo pessoal, que conta com diversas linhas de cr\u00e9dito e vantagens exclusivas. No presente artigo, abordaremos tudo que voc\u00ea precisa saber sobre o empr\u00e9stimo pessoal da Caixa. O empr\u00e9stimo com v\u00e1rias [&hellip;]<\/p>","protected":false},"author":3,"featured_media":427,"comment_status":"open","ping_status":"open","sticky":false,"template":"","format":"standard","meta":{"footnotes":""},"categories":[4],"tags":[],"key_interest":[],"class_list":["post-326","post","type-post","status-publish","format-standard","has-post-thumbnail","hentry","category-cartao-e-emprestimos"],"_links":{"self":[{"href":"https:\/\/vejabeneficios.com\/hu\/wp-json\/wp\/v2\/posts\/326","targetHints":{"allow":["GET"]}}],"collection":[{"href":"https:\/\/vejabeneficios.com\/hu\/wp-json\/wp\/v2\/posts"}],"about":[{"href":"https:\/\/vejabeneficios.com\/hu\/wp-json\/wp\/v2\/types\/post"}],"author":[{"embeddable":true,"href":"https:\/\/vejabeneficios.com\/hu\/wp-json\/wp\/v2\/users\/3"}],"replies":[{"embeddable":true,"href":"https:\/\/vejabeneficios.com\/hu\/wp-json\/wp\/v2\/comments?post=326"}],"version-history":[{"count":1,"href":"https:\/\/vejabeneficios.com\/hu\/wp-json\/wp\/v2\/posts\/326\/revisions"}],"predecessor-version":[{"id":340,"href":"https:\/\/vejabeneficios.com\/hu\/wp-json\/wp\/v2\/posts\/326\/revisions\/340"}],"wp:featuredmedia":[{"embeddable":true,"href":"https:\/\/vejabeneficios.com\/hu\/wp-json\/wp\/v2\/media\/427"}],"wp:attachment":[{"href":"https:\/\/vejabeneficios.com\/hu\/wp-json\/wp\/v2\/media?parent=326"}],"wp:term":[{"taxonomy":"category","embeddable":true,"href":"https:\/\/vejabeneficios.com\/hu\/wp-json\/wp\/v2\/categories?post=326"},{"taxonomy":"post_tag","embeddable":true,"href":"https:\/\/vejabeneficios.com\/hu\/wp-json\/wp\/v2\/tags?post=326"},{"taxonomy":"key_interest","embeddable":true,"href":"https:\/\/vejabeneficios.com\/hu\/wp-json\/wp\/v2\/key_interest?post=326"}],"curies":[{"name":"wp","href":"https:\/\/api.w.org\/{rel}","templated":true}]}}