{"id":351,"date":"2023-07-02T14:19:08","date_gmt":"2023-07-02T14:19:08","guid":{"rendered":"https:\/\/vejabeneficios.com\/?p=351"},"modified":"2023-07-02T14:19:08","modified_gmt":"2023-07-02T14:19:08","slug":"isencao-do-ipva-2023-tudo-o-que-voce-precisa-saber","status":"publish","type":"post","link":"https:\/\/vejabeneficios.com\/hu\/ipva-2023-mentesseg-mindent-amit-tudni-kell\/","title":{"rendered":"Mentess\u00e9g az IPVA 2023 al\u00f3l: minden, amit tudnia kell!"},"content":{"rendered":"<p class=\"wp-block-paragraph\">Egy j\u00e1rm\u0171 fenntart\u00e1sa jelent\u0151s k\u00f6lts\u00e9gekkel j\u00e1r, bele\u00e9rtve az ad\u00f3kat, a biztos\u00edt\u00e1st, a rendszeres karbantart\u00e1st \u00e9s az alkalmi jav\u00edt\u00e1sokat.&nbsp;<\/p>\n\n\n\n<p class=\"wp-block-paragraph\">Az egyik olyan ad\u00f3, amely s\u00falyosan megterheli a tulajdonos zseb\u00e9t, a g\u00e9pj\u00e1rm\u0171-vagyonad\u00f3 (IPVA). Vannak azonban olyan helyzetek, amikor mentes\u00fclni lehet ez al\u00f3l az ad\u00f3 al\u00f3l.&nbsp;<\/p>\n\n\n\n<p class=\"wp-block-paragraph\">Ebben a cikkben a 2023-as IPVA-mentess\u00e9get fogjuk megvitatni, hogy kik r\u00e9szes\u00fclhetnek bel\u0151le, \u00e9s hogyan lehet ig\u00e9nyelni a mentess\u00e9gre.<\/p>\n\n\n\n<h2 class=\"wp-block-heading\">A 2023-as IPVA-val (j\u00e1rm\u0171-ingatlanad\u00f3) kapcsolatban<\/h2>\n\n\n\n<p class=\"wp-block-paragraph\">Az IPVA egy \u00e1llami ad\u00f3, amelyet \u00e9vente kell megfizetni minden g\u00e9pj\u00e1rm\u0171-tulajdonosnak.&nbsp;<\/p>\n\n\n\n<p class=\"wp-block-paragraph\">A bev\u00e9telt az \u00e1llam \u00e9s az a telep\u00fcl\u00e9s k\u00f6z\u00f6tt osztj\u00e1k fel, ahol a j\u00e1rm\u0171vet regisztr\u00e1lt\u00e1k.&nbsp;<\/p>\n\n\n\n<p class=\"wp-block-paragraph\">A fizetend\u0151 \u00f6sszeget a j\u00e1rm\u0171 piaci \u00e9rt\u00e9ke alapj\u00e1n sz\u00e1m\u00edtj\u00e1k ki, \u00e9s a m\u00e9rt\u00e9kek \u00e1llamonk\u00e9nt \u00e9s a j\u00e1rm\u0171 t\u00edpus\u00e1t\u00f3l f\u00fcgg\u0151en v\u00e1ltoznak.<\/p>\n\n\n\n<p class=\"wp-block-paragraph\">2023-ban, a kor\u00e1bbi \u00e9vekhez hasonl\u00f3an, a j\u00e1rm\u0171tulajdonosoknak fel kell k\u00e9sz\u00fclni\u00fck ennek az ad\u00f3nak a megfizet\u00e9s\u00e9re.&nbsp;<\/p>\n\n\n\n<p class=\"wp-block-paragraph\">Bizonyos szem\u00e9ly- \u00e9s j\u00e1rm\u0171csoportok azonban k\u00e9rv\u00e9nyezhetik az ad\u00f3mentess\u00e9get.<\/p>\n\n\n\n<h2 class=\"wp-block-heading\">Mi az IPVA-mentess\u00e9g?<\/h2>\n\n\n\n<p class=\"wp-block-paragraph\">Az IPVA-mentess\u00e9g a g\u00e9pj\u00e1rm\u0171ad\u00f3 megfizet\u00e9se al\u00f3li jogi mentess\u00e9get jelent. Ez azt jelenti, hogy a t\u00f6rv\u00e9nyben meghat\u00e1rozott bizonyos felt\u00e9telek mellett a j\u00e1rm\u0171 tulajdonos\u00e1nak nem kell megfizetnie az IPVA-t.&nbsp;<\/p>\n\n\n\n<p class=\"wp-block-paragraph\">Minden \u00e1llamnak saj\u00e1t szab\u00e1lyai vannak az IPVA (j\u00e1rm\u0171ad\u00f3) al\u00f3li mentess\u00e9g megad\u00e1s\u00e1ra, de ezek \u00e1ltal\u00e1ban t\u00f6bbek k\u00f6z\u00f6tt a fogyat\u00e9kkal \u00e9l\u0151kre, az id\u0151sebb j\u00e1rm\u0171vekre, a nonprofit int\u00e9zm\u00e9nyekhez tartoz\u00f3 j\u00e1rm\u0171vekre vonatkoznak.<\/p>\n\n\n\n<h2 class=\"wp-block-heading\">Ki jogosult az IPVA 2023 mentess\u00e9gre?<\/h2>\n\n\n\n<p class=\"wp-block-paragraph\">A 2023-as \u00e9vben az IPVA-mentess\u00e9g szab\u00e1lyai alapvet\u0151en v\u00e1ltozatlanok maradnak.&nbsp;<\/p>\n\n\n\n<p class=\"wp-block-paragraph\">Ennek a mentess\u00e9gnek a f\u0151 kedvezm\u00e9nyezettjei a fogyat\u00e9kkal \u00e9l\u0151k, f\u00fcggetlen\u00fcl att\u00f3l, hogy rendelkeznek-e \u00e1talak\u00edtott j\u00e1rm\u0171vel vagy sem, valamint a 15 vagy 20 \u00e9vn\u00e9l id\u0151sebb j\u00e1rm\u0171vek tulajdonosai, az \u00e1llamt\u00f3l f\u00fcgg\u0151en.&nbsp;<\/p>\n\n\n\n<p class=\"wp-block-paragraph\">Ezenk\u00edv\u00fcl j\u00f3t\u00e9konys\u00e1gi \u00e9s nonprofit szervezetek is profit\u00e1lhatnak bel\u0151le.<\/p>\n\n\n\n<h3 class=\"wp-block-heading\">IPVA-mentess\u00e9g aut\u00f3k sz\u00e1m\u00e1ra<\/h3>\n\n\n\n<p class=\"wp-block-paragraph\">\u00daj \u00e9s haszn\u00e1lt aut\u00f3k eset\u00e9ben a fogyat\u00e9kkal \u00e9l\u0151k IPVA-mentess\u00e9ge azokra a j\u00e1rm\u0171vekre vonatkozik, amelyeket maga a fogyat\u00e9kkal \u00e9l\u0151 szem\u00e9ly vagy az \u00e1ltala kijel\u00f6lt sof\u0151r vezet.&nbsp;<\/p>\n\n\n\n<p class=\"wp-block-paragraph\">R\u00e9gebbi j\u00e1rm\u0171vek eset\u00e9ben a mentess\u00e9ghez sz\u00fcks\u00e9ges minim\u00e1lis \u00e9letkor 15 \u00e9s 20 \u00e9v k\u00f6z\u00f6tt v\u00e1ltozik, az \u00e1llami jogszab\u00e1lyokt\u00f3l f\u00fcgg\u0151en.<\/p>\n\n\n\n<p class=\"wp-block-paragraph\">Ezenk\u00edv\u00fcl a j\u00f3t\u00e9konys\u00e1gi szervezetek \u00e9s nonprofit szervezetek tulajdon\u00e1ban l\u00e9v\u0151 aut\u00f3k, valamint a korm\u00e1nyzati szervek tulajdon\u00e1ban l\u00e9v\u0151 j\u00e1rm\u0171vek is jogosultak lehetnek a mentess\u00e9gre.<\/p>\n\n\n\n<h3 class=\"wp-block-heading\">Motorker\u00e9kp\u00e1rok mentess\u00e9ge az IPVA (j\u00e1rm\u0171ad\u00f3) al\u00f3l<\/h3>\n\n\n\n<p class=\"wp-block-paragraph\">Az aut\u00f3khoz hasonl\u00f3an a motorker\u00e9kp\u00e1rok is r\u00e9szes\u00fclhetnek az IPVA-mentess\u00e9gb\u0151l.&nbsp;<\/p>\n\n\n\n<p class=\"wp-block-paragraph\">A fogyat\u00e9kkal \u00e9l\u0151k, akik \u00e1llapotukhoz \u00e1talak\u00edtott motorker\u00e9kp\u00e1rral rendelkeznek, vagy akik egy \u00e1ltaluk kijel\u00f6lt sof\u0151r \u00e1ltal vezetett norm\u00e1l motorker\u00e9kp\u00e1rral rendelkeznek, szint\u00e9n jogosultak a mentess\u00e9gre.<\/p>\n\n\n\n<p class=\"wp-block-paragraph\">Tov\u00e1bb\u00e1 a 15-20 \u00e9vesn\u00e9l id\u0151sebb motorker\u00e9kp\u00e1rok \u2013 az \u00e1llamt\u00f3l f\u00fcgg\u0151en \u2013 mentes\u00fclhetnek az IPVA (j\u00e1rm\u0171tulajdonad\u00f3) megfizet\u00e9se al\u00f3l.&nbsp;<\/p>\n\n\n\n<p class=\"wp-block-paragraph\">\u00c9s, ak\u00e1rcsak az aut\u00f3k eset\u00e9ben, a motorker\u00e9kp\u00e1rokat tulajdonl\u00f3 nonprofit szervezetek is k\u00e9rv\u00e9nyezhetnek ad\u00f3mentess\u00e9get.<\/p>\n\n\n\n<h2 class=\"wp-block-heading\">Hogyan lehet ig\u00e9nyelni az IPVA 2023-as mentes\u00edt\u00e9st?<\/h2>\n\n\n\n<p class=\"wp-block-paragraph\">Az IPVA-mentess\u00e9g ir\u00e1nti k\u00e9relmet annak az \u00e1llamnak a p\u00e9nz\u00fcgyminiszt\u00e9rium\u00e1hoz kell beny\u00fajtani, ahol a j\u00e1rm\u0171vet regisztr\u00e1lt\u00e1k.&nbsp;<\/p>\n\n\n\n<p class=\"wp-block-paragraph\">A sz\u00fcks\u00e9ges dokumentumok \u00e1llamonk\u00e9nt elt\u00e9r\u0151ek, de \u00e1ltal\u00e1ban a mentess\u00e9gre val\u00f3 jogosults\u00e1got igazol\u00f3 dokumentumokat (p\u00e9ld\u00e1ul fogyat\u00e9kkal \u00e9l\u0151k orvosi jelent\u00e9seit) \u00e9s a j\u00e1rm\u0171dokumentumokat tartalmazz\u00e1k.<\/p>\n\n\n\n<p class=\"wp-block-paragraph\">Fontos megjegyezni, hogy a mentess\u00e9get minden \u00e9vben k\u00e9rv\u00e9nyezni kell. Ez\u00e9rt, m\u00e9g ha a j\u00e1rm\u0171 tulajdonosa p\u00e9ld\u00e1ul 2022-ben is megszerezte a mentess\u00e9get, 2023-ra \u00faj k\u00e9relmet kell beny\u00fajtania.<\/p>\n\n\n\n<p class=\"wp-block-paragraph\">Ha azonban t\u00f6bbet szeretne megtudni arr\u00f3l, hogyan szerezhet IPVA-mentess\u00e9get, olvassa el az al\u00e1bbi cikket, amelyet az \u00d6n sz\u00e1m\u00e1ra k\u00e9sz\u00edtett\u00fcnk!<\/p>","protected":false},"excerpt":{"rendered":"<p>A manuten\u00e7\u00e3o de um ve\u00edculo envolve custos significativos, incluindo impostos, seguros, manuten\u00e7\u00e3o regular e reparos eventuais.&nbsp; Um dos impostos que pesa no bolso do propriet\u00e1rio \u00e9 o Imposto sobre a Propriedade de Ve\u00edculos Automotores (IPVA). No entanto, existem situa\u00e7\u00f5es em que \u00e9 poss\u00edvel obter a isen\u00e7\u00e3o desse imposto.&nbsp; No presente artigo, discutiremos a isen\u00e7\u00e3o do [&hellip;]<\/p>","protected":false},"author":3,"featured_media":419,"comment_status":"open","ping_status":"open","sticky":false,"template":"","format":"standard","meta":{"footnotes":""},"categories":[7],"tags":[],"key_interest":[],"class_list":["post-351","post","type-post","status-publish","format-standard","has-post-thumbnail","hentry","category-automoveis"],"_links":{"self":[{"href":"https:\/\/vejabeneficios.com\/hu\/wp-json\/wp\/v2\/posts\/351","targetHints":{"allow":["GET"]}}],"collection":[{"href":"https:\/\/vejabeneficios.com\/hu\/wp-json\/wp\/v2\/posts"}],"about":[{"href":"https:\/\/vejabeneficios.com\/hu\/wp-json\/wp\/v2\/types\/post"}],"author":[{"embeddable":true,"href":"https:\/\/vejabeneficios.com\/hu\/wp-json\/wp\/v2\/users\/3"}],"replies":[{"embeddable":true,"href":"https:\/\/vejabeneficios.com\/hu\/wp-json\/wp\/v2\/comments?post=351"}],"version-history":[{"count":1,"href":"https:\/\/vejabeneficios.com\/hu\/wp-json\/wp\/v2\/posts\/351\/revisions"}],"predecessor-version":[{"id":371,"href":"https:\/\/vejabeneficios.com\/hu\/wp-json\/wp\/v2\/posts\/351\/revisions\/371"}],"wp:featuredmedia":[{"embeddable":true,"href":"https:\/\/vejabeneficios.com\/hu\/wp-json\/wp\/v2\/media\/419"}],"wp:attachment":[{"href":"https:\/\/vejabeneficios.com\/hu\/wp-json\/wp\/v2\/media?parent=351"}],"wp:term":[{"taxonomy":"category","embeddable":true,"href":"https:\/\/vejabeneficios.com\/hu\/wp-json\/wp\/v2\/categories?post=351"},{"taxonomy":"post_tag","embeddable":true,"href":"https:\/\/vejabeneficios.com\/hu\/wp-json\/wp\/v2\/tags?post=351"},{"taxonomy":"key_interest","embeddable":true,"href":"https:\/\/vejabeneficios.com\/hu\/wp-json\/wp\/v2\/key_interest?post=351"}],"curies":[{"name":"wp","href":"https:\/\/api.w.org\/{rel}","templated":true}]}}