{"id":351,"date":"2023-07-02T14:19:08","date_gmt":"2023-07-02T14:19:08","guid":{"rendered":"https:\/\/vejabeneficios.com\/?p=351"},"modified":"2023-07-02T14:19:08","modified_gmt":"2023-07-02T14:19:08","slug":"isencao-do-ipva-2023-tudo-o-que-voce-precisa-saber","status":"publish","type":"post","link":"https:\/\/vejabeneficios.com\/sv\/ipva-2023-undantag-allt-du-behover-veta\/","title":{"rendered":"Undantag fr\u00e5n IPVA 2023: allt du beh\u00f6ver veta!"},"content":{"rendered":"<p class=\"wp-block-paragraph\">Att underh\u00e5lla ett fordon medf\u00f6r betydande kostnader, inklusive skatter, f\u00f6rs\u00e4kringar, regelbundet underh\u00e5ll och enstaka reparationer.&nbsp;<\/p>\n\n\n\n<p class=\"wp-block-paragraph\">En av de skatter som tynger \u00e4garens ficka \u00e4r fordonsskatten (Fordonsfastighetsskatt). Det finns dock situationer d\u00e4r det \u00e4r m\u00f6jligt att f\u00e5 undantag fr\u00e5n denna skatt.&nbsp;<\/p>\n\n\n\n<p class=\"wp-block-paragraph\">I den h\u00e4r artikeln kommer vi att diskutera IPVA-undantaget fr\u00e5n 2023, vem som kan dra nytta av det och hur man ans\u00f6ker om undantaget.<\/p>\n\n\n\n<h2 class=\"wp-block-heading\">Ang\u00e5ende 2023 \u00e5rs IPVA (fordonsfastighetsskatt)<\/h2>\n\n\n\n<p class=\"wp-block-paragraph\">IPVA \u00e4r en statlig skatt som \u00e5rligen tas ut av alla \u00e4gare av motorfordon.&nbsp;<\/p>\n\n\n\n<p class=\"wp-block-paragraph\">Int\u00e4kterna f\u00f6rdelas mellan staten och kommunen d\u00e4r fordonet \u00e4r registrerat.&nbsp;<\/p>\n\n\n\n<p class=\"wp-block-paragraph\">Beloppet som ska betalas ber\u00e4knas utifr\u00e5n fordonets marknadsv\u00e4rde, och satserna varierar beroende p\u00e5 delstat och fordonstyp.<\/p>\n\n\n\n<p class=\"wp-block-paragraph\">\u00c5r 2023, liksom tidigare \u00e5r, b\u00f6r fordons\u00e4gare f\u00f6rbereda sig p\u00e5 att betala denna skatt.&nbsp;<\/p>\n\n\n\n<p class=\"wp-block-paragraph\">Vissa grupper av personer och fordon kan dock ans\u00f6ka om undantag fr\u00e5n denna skatt.<\/p>\n\n\n\n<h2 class=\"wp-block-heading\">Vad \u00e4r IPVA-undantag?<\/h2>\n\n\n\n<p class=\"wp-block-paragraph\">IPVA-undantag \u00e4r ett lagligt avst\u00e5ende fr\u00e5n betalningen av denna skatt. Det inneb\u00e4r att fordons\u00e4garen, under vissa lagstadgade villkor, inte beh\u00f6ver betala IPVA.&nbsp;<\/p>\n\n\n\n<p class=\"wp-block-paragraph\">Varje stat har sina egna regler f\u00f6r att bevilja undantag fr\u00e5n IPVA (fordonsfastighetsskatt), men de omfattar generellt personer med funktionsneds\u00e4ttning, \u00e4ldre fordon och fordon som tillh\u00f6r ideella organisationer, bland annat.<\/p>\n\n\n\n<h2 class=\"wp-block-heading\">Vem har r\u00e4tt till IPVA 2023-undantag?<\/h2>\n\n\n\n<p class=\"wp-block-paragraph\">F\u00f6r \u00e5r 2023 f\u00f6rblir reglerna f\u00f6r IPVA-undantag i princip desamma.&nbsp;<\/p>\n\n\n\n<p class=\"wp-block-paragraph\">De som fr\u00e4mst drar nytta av detta undantag \u00e4r personer med funktionsneds\u00e4ttning, oavsett om de \u00e4ger anpassade fordon eller inte, och \u00e4gare av fordon som \u00e4r mer \u00e4n 15 eller 20 \u00e5r gamla, beroende p\u00e5 delstat.&nbsp;<\/p>\n\n\n\n<p class=\"wp-block-paragraph\">Dessutom kan v\u00e4lg\u00f6renhetsorganisationer och ideella organisationer ocks\u00e5 dra nytta av det.<\/p>\n\n\n\n<h3 class=\"wp-block-heading\">IPVA-undantag f\u00f6r bilar<\/h3>\n\n\n\n<p class=\"wp-block-paragraph\">N\u00e4r det g\u00e4ller bilar, b\u00e5de nya och begagnade, g\u00e4ller IPVA-undantaget f\u00f6r personer med funktionsneds\u00e4ttning fordon som k\u00f6rs av personen med funktionsneds\u00e4ttning sj\u00e4lv eller av en f\u00f6rare som denne utsett.&nbsp;<\/p>\n\n\n\n<p class=\"wp-block-paragraph\">N\u00e4r det g\u00e4ller \u00e4ldre fordon varierar minimi\u00e5ldern f\u00f6r undantag fr\u00e5n 15 till 20 \u00e5r, beroende p\u00e5 delstatslagstiftning.<\/p>\n\n\n\n<p class=\"wp-block-paragraph\">Dessutom kan bilar som \u00e4gs av v\u00e4lg\u00f6renhetsorganisationer och ideella organisationer ocks\u00e5 vara ber\u00e4ttigade till undantaget, liksom fordon som \u00e4gs av statliga enheter.<\/p>\n\n\n\n<h3 class=\"wp-block-heading\">Undantag fr\u00e5n IPVA (fordonsfastighetsskatt) f\u00f6r motorcyklar<\/h3>\n\n\n\n<p class=\"wp-block-paragraph\">Precis som bilar kan \u00e4ven motorcyklar dra nytta av IPVA-undantaget.&nbsp;<\/p>\n\n\n\n<p class=\"wp-block-paragraph\">Personer med funktionsneds\u00e4ttning som \u00e4ger motorcyklar anpassade efter deras tillst\u00e5nd, eller som \u00e4ger en vanlig motorcykel som ska k\u00f6ras av en f\u00f6rare som de utsett, har ocks\u00e5 r\u00e4tt till undantaget.<\/p>\n\n\n\n<p class=\"wp-block-paragraph\">Dessutom kan motorcyklar som \u00e4r \u00e4ldre \u00e4n 15 till 20 \u00e5r, beroende p\u00e5 delstat, vara undantagna fr\u00e5n att betala IPVA (fordonsfastighetsskatt).&nbsp;<\/p>\n\n\n\n<p class=\"wp-block-paragraph\">Och precis som med bilar kan \u00e4ven ideella organisationer som \u00e4ger motorcyklar ans\u00f6ka om skattebefrielse.<\/p>\n\n\n\n<h2 class=\"wp-block-heading\">Hur ans\u00f6ker man om IPVA 2023-undantag?<\/h2>\n\n\n\n<p class=\"wp-block-paragraph\">Ans\u00f6kan om IPVA-undantag m\u00e5ste g\u00f6ras till finansdepartementet i den stat d\u00e4r fordonet \u00e4r registrerat.&nbsp;<\/p>\n\n\n\n<p class=\"wp-block-paragraph\">De n\u00f6dv\u00e4ndiga dokumenten varierar beroende p\u00e5 delstat, men inkluderar generellt dokument som styrker ber\u00e4ttigande till undantaget (till exempel medicinska journaler f\u00f6r personer med funktionsneds\u00e4ttning) och fordonsdokument.<\/p>\n\n\n\n<p class=\"wp-block-paragraph\">Det \u00e4r viktigt att komma ih\u00e5g att undantaget m\u00e5ste ans\u00f6kas varje \u00e5r. D\u00e4rf\u00f6r, \u00e4ven om fordons\u00e4garen fick undantaget till exempel \u00e5r 2022, m\u00e5ste de g\u00f6ra en ny ans\u00f6kan f\u00f6r \u00e5r 2023.<\/p>\n\n\n\n<p class=\"wp-block-paragraph\">Men om du vill veta mer om hur du f\u00e5r ett IPVA-undantag, l\u00e4s artikeln nedan som vi har f\u00f6rberett \u00e5t dig!<\/p>","protected":false},"excerpt":{"rendered":"<p>A manuten\u00e7\u00e3o de um ve\u00edculo envolve custos significativos, incluindo impostos, seguros, manuten\u00e7\u00e3o regular e reparos eventuais.&nbsp; Um dos impostos que pesa no bolso do propriet\u00e1rio \u00e9 o Imposto sobre a Propriedade de Ve\u00edculos Automotores (IPVA). No entanto, existem situa\u00e7\u00f5es em que \u00e9 poss\u00edvel obter a isen\u00e7\u00e3o desse imposto.&nbsp; No presente artigo, discutiremos a isen\u00e7\u00e3o do [&hellip;]<\/p>","protected":false},"author":3,"featured_media":419,"comment_status":"open","ping_status":"open","sticky":false,"template":"","format":"standard","meta":{"footnotes":""},"categories":[7],"tags":[],"key_interest":[],"class_list":["post-351","post","type-post","status-publish","format-standard","has-post-thumbnail","hentry","category-automoveis"],"_links":{"self":[{"href":"https:\/\/vejabeneficios.com\/sv\/wp-json\/wp\/v2\/posts\/351","targetHints":{"allow":["GET"]}}],"collection":[{"href":"https:\/\/vejabeneficios.com\/sv\/wp-json\/wp\/v2\/posts"}],"about":[{"href":"https:\/\/vejabeneficios.com\/sv\/wp-json\/wp\/v2\/types\/post"}],"author":[{"embeddable":true,"href":"https:\/\/vejabeneficios.com\/sv\/wp-json\/wp\/v2\/users\/3"}],"replies":[{"embeddable":true,"href":"https:\/\/vejabeneficios.com\/sv\/wp-json\/wp\/v2\/comments?post=351"}],"version-history":[{"count":1,"href":"https:\/\/vejabeneficios.com\/sv\/wp-json\/wp\/v2\/posts\/351\/revisions"}],"predecessor-version":[{"id":371,"href":"https:\/\/vejabeneficios.com\/sv\/wp-json\/wp\/v2\/posts\/351\/revisions\/371"}],"wp:featuredmedia":[{"embeddable":true,"href":"https:\/\/vejabeneficios.com\/sv\/wp-json\/wp\/v2\/media\/419"}],"wp:attachment":[{"href":"https:\/\/vejabeneficios.com\/sv\/wp-json\/wp\/v2\/media?parent=351"}],"wp:term":[{"taxonomy":"category","embeddable":true,"href":"https:\/\/vejabeneficios.com\/sv\/wp-json\/wp\/v2\/categories?post=351"},{"taxonomy":"post_tag","embeddable":true,"href":"https:\/\/vejabeneficios.com\/sv\/wp-json\/wp\/v2\/tags?post=351"},{"taxonomy":"key_interest","embeddable":true,"href":"https:\/\/vejabeneficios.com\/sv\/wp-json\/wp\/v2\/key_interest?post=351"}],"curies":[{"name":"wp","href":"https:\/\/api.w.org\/{rel}","templated":true}]}}