{"id":222,"date":"2023-07-02T10:57:48","date_gmt":"2023-07-02T10:57:48","guid":{"rendered":"https:\/\/vejabeneficios.com\/?p=222"},"modified":"2023-07-02T10:57:49","modified_gmt":"2023-07-02T10:57:49","slug":"trabalhar-na-globo-vagas-de-emprego-e-estagio-abertas","status":"publish","type":"post","link":"https:\/\/vejabeneficios.com\/tr\/globoda-calisma-firsatlari-is-ve-staj-olanaklari\/","title":{"rendered":"Globo&#039;da \u00c7al\u0131\u015fmak: A\u00e7\u0131k \u0130\u015fler ve Stajlar"},"content":{"rendered":"<p class=\"wp-block-paragraph\">Gelin birlikte Brezilya&#039;n\u0131n en b\u00fcy\u00fck televizyon kanal\u0131n\u0131n perde arkas\u0131na dalal\u0131m? Tabii ki Rede Globo&#039;dan bahsediyoruz.&nbsp;<\/p>\n\n\n\n<p class=\"wp-block-paragraph\">Evet, do\u011fru duydunuz, Globo d\u00fcnyas\u0131nda ve sundu\u011fu i\u015f ve staj f\u0131rsatlar\u0131nda size rehberlik etmeye haz\u0131r\u0131z.&nbsp;<\/p>\n\n\n\n<p class=\"wp-block-paragraph\">Daha fazlas\u0131n\u0131 \u00f6\u011frenmek i\u00e7in takipte kal\u0131n!<\/p>\n\n\n\n<h2 class=\"wp-block-heading\">Rede Globo Hakk\u0131nda<\/h2>\n\n\n\n<p class=\"wp-block-paragraph\">\u0130\u015f ve staj f\u0131rsatlar\u0131ndan bahsetmeden \u00f6nce, Globo&#039;nun kim oldu\u011funa k\u0131saca bir g\u00f6z atal\u0131m. Bilmeyenler i\u00e7in, Rede Globo d\u00fcnyan\u0131n en b\u00fcy\u00fck televizyon a\u011flar\u0131ndan biri ve Latin Amerika&#039;n\u0131n en b\u00fcy\u00fc\u011f\u00fcd\u00fcr.&nbsp;<\/p>\n\n\n\n<p class=\"wp-block-paragraph\">Dahas\u0131, pembe diziler, diziler, e\u011flence programlar\u0131 ve haber programlar\u0131 gibi i\u00e7erikleri d\u00fcnyan\u0131n neredeyse her k\u00f6\u015fesine yay\u0131nlayan, i\u00e7erik \u00fcretiminde pazar liderlerinden biridir.&nbsp;<\/p>\n\n\n\n<p class=\"wp-block-paragraph\">\u015eirketin sekt\u00f6rde lider olmas\u0131 ve bu kadar \u00e7ok ilgili aday\u0131 kendine \u00e7ekmesi tesad\u00fcf de\u011fil.<\/p>\n\n\n\n<h2 class=\"wp-block-heading\">Globo&#039;da i\u015f ilanlar\u0131na ba\u015fvuru s\u00fcreci nas\u0131l i\u015fliyor?<\/h2>\n\n\n\n<p class=\"wp-block-paragraph\">\u015eimdi as\u0131l \u00f6nemli olana ge\u00e7elim: Globo&#039;daki i\u015f ve staj f\u0131rsatlar\u0131! \u015eirket, dinamik ve te\u015f stimulating bir \u00e7al\u0131\u015fma ortam\u0131na sahip olmas\u0131 ve ekiplerine kat\u0131lacak yetenekli ki\u015fileri s\u00fcrekli aramas\u0131yla tan\u0131n\u0131yor.<\/p>\n\n\n\n<p class=\"wp-block-paragraph\">Globo&#039;daki i\u015f ilanlar\u0131 olduk\u00e7a \u00e7e\u015fitlidir ve gazetecilik ve i\u00e7erik \u00fcretiminden bili\u015fim teknolojisi, pazarlama, sat\u0131\u015f, insan kaynaklar\u0131 ve daha bir\u00e7ok alana kadar uzanmaktad\u0131r.&nbsp;<\/p>\n\n\n\n<p class=\"wp-block-paragraph\">Ayr\u0131ca Globo&#039;nun, \u00fcniversite \u00f6\u011frencilerine televizyon sekt\u00f6r\u00fcnde kariyerlerine ba\u015flamalar\u0131 i\u00e7in kap\u0131lar a\u00e7an, olduk\u00e7a sayg\u0131n bir staj program\u0131 da bulunmaktad\u0131r.<\/p>\n\n\n\n<h2 class=\"wp-block-heading\">Mevcut bo\u015f kontenjanlar nelerdir?<\/h2>\n\n\n\n<p class=\"wp-block-paragraph\">Globo s\u00fcrekli yeni yetenekler ar\u0131yor, bu nedenle mevcut pozisyonlar s\u0131k s\u0131k de\u011fi\u015fiyor.&nbsp;<\/p>\n\n\n\n<p class=\"wp-block-paragraph\">Size bir fikir vermek gerekirse, \u015fu anda gazeteciler, yap\u0131mc\u0131lar, video edit\u00f6rleri, yaz\u0131l\u0131m geli\u015ftiriciler, pazarlama analistleri ve di\u011ferleri de dahil olmak \u00fczere \u00e7e\u015fitli alanlarda profesyoneller i\u00e7in i\u015f ilanlar\u0131 mevcut.&nbsp;<\/p>\n\n\n\n<p class=\"wp-block-paragraph\">Ayr\u0131ca, \u00fcniversite \u00f6\u011frencileri i\u00e7in \u00e7e\u015fitli staj f\u0131rsatlar\u0131 da bulunmaktad\u0131r.<\/p>\n\n\n\n<p class=\"wp-block-paragraph\">Globo&#039;nun \u00e7e\u015fitlili\u011fe ve kapsay\u0131c\u0131l\u0131\u011fa de\u011fer veren bir \u015firket oldu\u011funu ve bu nedenle cinsiyet, ya\u015f, \u0131rk, din veya cinsel y\u00f6nelim ayr\u0131m\u0131 g\u00f6zetmeksizin t\u00fcm bireylerden ba\u015fvuru kabul etti\u011fini vurgulamak \u00f6nemlidir.<\/p>\n\n\n\n<h2 class=\"wp-block-heading\">\u0130\u015f ilanlar\u0131na ba\u015fvurmak i\u00e7in \u00f6zge\u00e7mi\u015fimi nas\u0131l g\u00f6nderebilirim?<\/h2>\n\n\n\n<p class=\"wp-block-paragraph\">Globo ve mevcut pozisyonlar hakk\u0131nda her \u015feyi \u00f6\u011frendi\u011finize g\u00f6re, muhtemelen \u015funu merak ediyorsunuz: Nas\u0131l ba\u015fvurabilirim?<\/p>\n\n\n\n<p class=\"wp-block-paragraph\">\u00d6zge\u00e7mi\u015finizi g\u00f6ndermek i\u00e7in Globo&#039;nun resmi kariyer web sitesine giri\u015f yapmal\u0131s\u0131n\u0131z. Orada, mevcut t\u00fcm pozisyonlar\u0131 g\u00f6r\u00fcnt\u00fcleyebilir ve her biri hakk\u0131nda ayr\u0131nt\u0131l\u0131 bilgi edinebilirsiniz.<\/p>\n\n\n\n<p class=\"wp-block-paragraph\">\u0130\u015f ba\u015fvurusu yapmak i\u00e7in, kariyer web sitesinde akademik ge\u00e7mi\u015finiz, i\u015f deneyiminiz ve becerileriniz hakk\u0131nda bilgiler i\u00e7eren bir profil olu\u015fturmal\u0131s\u0131n\u0131z. Profilinizi olu\u015fturduktan sonra, ilgilendi\u011finiz i\u015flere \u00f6zge\u00e7mi\u015finizi g\u00f6nderebilirsiniz.<\/p>\n\n\n\n<p class=\"wp-block-paragraph\">Ba\u015fvurdu\u011funuz her i\u015f i\u00e7in \u00f6zge\u00e7mi\u015finizi uyarlamay\u0131 unutmay\u0131n; pozisyona en uygun beceri ve deneyimlerinizi vurgulay\u0131n. Bu, m\u00fclakata \u00e7a\u011fr\u0131lma \u015fans\u0131n\u0131z\u0131 art\u0131racakt\u0131r.<\/p>\n\n\n\n<p class=\"wp-block-paragraph\">Peki, bu yolculu\u011fa \u00e7\u0131kmaya ve Globo ekibinin bir par\u00e7as\u0131 olmaya haz\u0131r m\u0131s\u0131n\u0131z? Bol \u015fans ve kariyeriniz bol bol &quot;Plim Plim&quot; anlar\u0131yla dolu olsun!<\/p>","protected":false},"excerpt":{"rendered":"<p>Que tal mergulharmos juntos nos bastidores do maior canal de televis\u00e3o do Brasil? Estamos falando, \u00e9 claro, da Rede Globo.&nbsp; Sim, \u00e9 isso mesmo, estamos prontos para te guiar em uma jornada pelo mundo da Globo e suas oportunidades de emprego e est\u00e1gio.&nbsp; Acompanhe para saber mais! Sobre a Rede Globo Antes de falarmos sobre [&hellip;]<\/p>","protected":false},"author":3,"featured_media":468,"comment_status":"open","ping_status":"open","sticky":false,"template":"","format":"standard","meta":{"footnotes":""},"categories":[3],"tags":[],"key_interest":[],"class_list":["post-222","post","type-post","status-publish","format-standard","has-post-thumbnail","hentry","category-emprego-e-profissoes"],"_links":{"self":[{"href":"https:\/\/vejabeneficios.com\/tr\/wp-json\/wp\/v2\/posts\/222","targetHints":{"allow":["GET"]}}],"collection":[{"href":"https:\/\/vejabeneficios.com\/tr\/wp-json\/wp\/v2\/posts"}],"about":[{"href":"https:\/\/vejabeneficios.com\/tr\/wp-json\/wp\/v2\/types\/post"}],"author":[{"embeddable":true,"href":"https:\/\/vejabeneficios.com\/tr\/wp-json\/wp\/v2\/users\/3"}],"replies":[{"embeddable":true,"href":"https:\/\/vejabeneficios.com\/tr\/wp-json\/wp\/v2\/comments?post=222"}],"version-history":[{"count":1,"href":"https:\/\/vejabeneficios.com\/tr\/wp-json\/wp\/v2\/posts\/222\/revisions"}],"predecessor-version":[{"id":233,"href":"https:\/\/vejabeneficios.com\/tr\/wp-json\/wp\/v2\/posts\/222\/revisions\/233"}],"wp:featuredmedia":[{"embeddable":true,"href":"https:\/\/vejabeneficios.com\/tr\/wp-json\/wp\/v2\/media\/468"}],"wp:attachment":[{"href":"https:\/\/vejabeneficios.com\/tr\/wp-json\/wp\/v2\/media?parent=222"}],"wp:term":[{"taxonomy":"category","embeddable":true,"href":"https:\/\/vejabeneficios.com\/tr\/wp-json\/wp\/v2\/categories?post=222"},{"taxonomy":"post_tag","embeddable":true,"href":"https:\/\/vejabeneficios.com\/tr\/wp-json\/wp\/v2\/tags?post=222"},{"taxonomy":"key_interest","embeddable":true,"href":"https:\/\/vejabeneficios.com\/tr\/wp-json\/wp\/v2\/key_interest?post=222"}],"curies":[{"name":"wp","href":"https:\/\/api.w.org\/{rel}","templated":true}]}}