{"id":151,"date":"2023-07-02T14:14:44","date_gmt":"2023-07-02T14:14:44","guid":{"rendered":"https:\/\/vejabeneficios.com\/?p=151"},"modified":"2023-07-02T14:14:44","modified_gmt":"2023-07-02T14:14:44","slug":"carteira-do-idoso-tudo-o-que-voce-precisa-saber","status":"publish","type":"post","link":"https:\/\/vejabeneficios.com\/tr_eu\/yasli-vatandas-cuzdani-bilmeniz-gereken-her-sey\/","title":{"rendered":"Ya\u015fl\u0131 Kart\u0131: bilmeniz gereken her \u015fey!"},"content":{"rendered":"<p class=\"wp-block-paragraph\">E\u011fer ya\u015fl\u0131 bir bireyseniz veya ailenizde ya\u015fl\u0131l\u0131k d\u00f6neminde olan biri varsa, hayat\u0131n bu evresinde yard\u0131mc\u0131 olabilecek hak ve menfaatleri bilmek \u00f6nemlidir. Bu menfaatlerden biri de...&nbsp;<strong>Ya\u015fl\u0131 Vatanda\u015f Kart\u0131<\/strong>Ya\u015fl\u0131lar i\u00e7in tasarlanm\u0131\u015f hizmet ve programlara eri\u015fimi kolayla\u015ft\u0131rabilecek ve \u00e7e\u015fitli faydalar sa\u011flayabilecek bir belge.&nbsp;<\/p>\n\n\n\n<p class=\"wp-block-paragraph\">Bu yaz\u0131da, bilmeniz gereken her \u015feyi ele alaca\u011f\u0131z...&nbsp;<strong>Ya\u015fl\u0131 Vatanda\u015f Kart\u0131<\/strong>Tan\u0131m\u0131ndan nas\u0131l talep edilece\u011fine kadar her \u015feyi ele alacak. Rahatlat\u0131c\u0131 ve bilgilendirici bir okumaya haz\u0131r olun!<\/p>\n\n\n\n<h2 class=\"wp-block-heading\">Ya\u015fl\u0131 Vatanda\u015f Kart\u0131 nedir?<\/h2>\n\n\n\n<p class=\"wp-block-paragraph\">Ya\u015fl\u0131 Vatanda\u015f Kart\u0131, d\u00fc\u015f\u00fck gelirli ya\u015fl\u0131 vatanda\u015flar\u0131n sosyal programlara ve yard\u0131mlara eri\u015fimini garanti alt\u0131na almak amac\u0131yla federal h\u00fck\u00fcmet taraf\u0131ndan Vatanda\u015fl\u0131k Bakanl\u0131\u011f\u0131 arac\u0131l\u0131\u011f\u0131yla verilen resmi bir belgedir.&nbsp;<\/p>\n\n\n\n<p class=\"wp-block-paragraph\">Bu sistem, ya\u015fl\u0131 insanlar\u0131n hizmetlerde \u00f6ncelik sahibi olmalar\u0131n\u0131 ve \u00fccretsiz veya indirimli \u015fehirleraras\u0131 ula\u015f\u0131m gibi \u00e7e\u015fitli hizmetlere eri\u015fimlerinin sa\u011flanmas\u0131 amac\u0131yla olu\u015fturulmu\u015ftur.<\/p>\n\n\n\n<h2 class=\"wp-block-heading\">Ya\u015fl\u0131 Vatanda\u015f Kart\u0131 ne i\u015fe yarar?<\/h2>\n\n\n\n<p class=\"wp-block-paragraph\">Ya\u015fl\u0131 Vatanda\u015f Kart\u0131, ki\u015finin ya\u015fl\u0131 oldu\u011funu ve kanunla sa\u011flanan yard\u0131mlardan yararlanma \u015fartlar\u0131n\u0131 kar\u015f\u0131lad\u0131\u011f\u0131n\u0131 kan\u0131tlayan bir belgedir.&nbsp;<\/p>\n\n\n\n<p class=\"wp-block-paragraph\">Bu belgeyle ya\u015fl\u0131 vatanda\u015flar, k\u00fclt\u00fcrel etkinliklerde indirimler, \u015fehirleraras\u0131 ve belediye i\u00e7i ula\u015f\u0131mda \u00fccretsiz veya indirimli eri\u015fim, kamu ve \u00f6zel kurumlarda \u00f6ncelikli hizmet gibi \u00e7e\u015fitli avantajlardan yararlanabilirler.<\/p>\n\n\n\n<h2 class=\"wp-block-heading\">Ya\u015fl\u0131 Vatanda\u015f Kart\u0131 almak i\u00e7in minimum ya\u015f s\u0131n\u0131r\u0131 nedir?<\/h2>\n\n\n\n<p class=\"wp-block-paragraph\">Ya\u015fl\u0131 Vatanda\u015f Kart\u0131 almak i\u00e7in 60 ya\u015f\u0131nda veya daha b\u00fcy\u00fck olman\u0131z gerekmektedir. Ya\u015f, bu hakk\u0131n verilmesinde temel bir kriterdir, \u00e7\u00fcnk\u00fc kamu politikas\u0131 \u00f6zellikle ya\u015fl\u0131 n\u00fcfusu hedeflemektedir.<\/p>\n\n\n\n<h2 class=\"wp-block-heading\">Bu belgeyi talep etmek i\u00e7in gerekenler<\/h2>\n\n\n\n<p class=\"wp-block-paragraph\">Ya\u015fl\u0131 Vatanda\u015f Kart\u0131 ba\u015fvurusu i\u00e7in en az 60 ya\u015f\u0131nda olman\u0131n yan\u0131 s\u0131ra baz\u0131 ek \u015fartlar da bulunmaktad\u0131r. Ba\u015fl\u0131ca \u015fart, ki\u015finin bireysel gelirinin en fazla iki asgari \u00fccrete e\u015fit olmas\u0131d\u0131r.&nbsp;<\/p>\n\n\n\n<p class=\"wp-block-paragraph\">Bu s\u0131n\u0131rlama, sosyal a\u00e7\u0131dan k\u0131r\u0131lgan durumdaki ya\u015fl\u0131lara \u00f6ncelik vermeyi ve d\u00fc\u015f\u00fck sat\u0131n alma g\u00fcc\u00fcne sahip olanlar\u0131n da bu avantajlardan yararlanmas\u0131n\u0131 sa\u011flamay\u0131 ama\u00e7lamaktad\u0131r.<\/p>\n\n\n\n<p class=\"wp-block-paragraph\">Ya\u015fl\u0131 Vatanda\u015f Kart\u0131&#039;n\u0131n d\u00fc\u015f\u00fck gelirli ya\u015fl\u0131lara y\u00f6nelik bir avantaj oldu\u011funu ve halihaz\u0131rda \u015fehir i\u00e7i toplu ta\u015f\u0131maya \u00fccretsiz eri\u015fim gibi benzer avantajlardan yararlananlara sunulmad\u0131\u011f\u0131n\u0131 vurgulamak \u00f6nemlidir.<\/p>\n\n\n\n<h2 class=\"wp-block-heading\">Ya\u015fl\u0131 Vatanda\u015f Kart\u0131n\u0131n Ge\u00e7erlili\u011fi<\/h2>\n\n\n\n<p class=\"wp-block-paragraph\">Ya\u015fl\u0131 Vatanda\u015f Kart\u0131 iki y\u0131l ge\u00e7erlidir. Bu s\u00fcrenin ard\u0131ndan, haklardan yararlanmaya devam etmek i\u00e7in belgeyi yenilemek gereklidir.&nbsp;<\/p>\n\n\n\n<p class=\"wp-block-paragraph\">Yenileme i\u015flemi \u00f6nemlidir \u00e7\u00fcnk\u00fc Vatanda\u015fl\u0131k Bakanl\u0131\u011f\u0131, kart\u0131 kullanan ki\u015filer \u00fczerinde g\u00fcncel kontrol sa\u011flayabilir ve yard\u0131mlar\u0131n adil bir \u015fekilde da\u011f\u0131t\u0131lmas\u0131n\u0131 temin edebilir.<\/p>\n\n\n\n<h2 class=\"wp-block-heading\">Bu kart\u0131 nas\u0131l talep edebilirim?<\/h2>\n\n\n\n<p class=\"wp-block-paragraph\">Ya\u015fl\u0131 Vatanda\u015f Kart\u0131 ba\u015fvurusu \u00fccretsiz ve olduk\u00e7a basittir. Kart\u0131 almak i\u00e7in \u015fu ad\u0131mlar\u0131 izlemeniz gerekir:<\/p>\n\n\n\n<ul class=\"wp-block-list\">\n<li>Gerekli belgeleri toplay\u0131n: Ba\u015fvuru sahibinin ya\u015f\u0131n\u0131 ve gelirini kan\u0131tlayan as\u0131l belgeleri ibraz etmeniz gerekmektedir; bunlar aras\u0131nda kimlik, CPF (Brezilya vergi kimlik numaras\u0131), ikametgah belgesi ve gelir belgesi yer almaktad\u0131r.<\/li>\n\n\n\n<li>Sorumlu kurumu bulun: Ya\u015fl\u0131 Vatanda\u015f Kart\u0131&#039;n\u0131 d\u00fczenlemekten sorumlu kurum, \u015fehre veya b\u00f6lgeye g\u00f6re de\u011fi\u015febilir. Genellikle bu s\u00fcreci Sosyal Yard\u0131m Dan\u0131\u015fma Merkezi (CRAS) y\u00fcr\u00fct\u00fcr.<\/li>\n\n\n\n<li>Randevu al\u0131n: Kart ba\u015fvuru s\u00fcrecine ba\u015flamak i\u00e7in ilgili kuruma ba\u015fvurup randevu alman\u0131z \u00f6nemlidir. Bu, kuyruklardan ka\u00e7\u0131nman\u0131za ve daha h\u0131zl\u0131 hizmet alman\u0131za yard\u0131mc\u0131 olur.<\/li>\n\n\n\n<li>Belgeleri ibraz edin ve formu doldurun: Randevu g\u00fcn\u00fcn\u00fczde, gerekli t\u00fcm belgeleri yan\u0131n\u0131zda getirin ve istenen bilgileri formda doldurun.<\/li>\n\n\n\n<li>Analiz ve d\u00fczenleme i\u00e7in bekleyin: Belgeleri g\u00f6nderdikten ve formu doldurduktan sonra, ilgili kurum verileri analiz edecek ve her \u015fey do\u011fruysa Ya\u015fl\u0131 Vatanda\u015f Kart\u0131&#039;n\u0131 d\u00fczenleyecektir.<\/li>\n<\/ul>\n\n\n\n<p class=\"wp-block-paragraph\">Bekleme s\u00fcrelerinin, talebe ve b\u00f6lgenizdeki ilgili kurumun verimlili\u011fine ba\u011fl\u0131 olarak de\u011fi\u015febilece\u011fini belirtmek \u00f6nemlidir.&nbsp;<\/p>\n\n\n\n<p class=\"wp-block-paragraph\">Baz\u0131 durumlarda Ya\u015fl\u0131 Vatanda\u015f Kart\u0131 hemen verilirken, di\u011ferlerinde birka\u00e7 g\u00fcn veya hafta s\u00fcrebilir.<\/p>\n\n\n\n<h2 class=\"wp-block-heading\">\u00c7\u00f6z\u00fcm<\/h2>\n\n\n\n<p class=\"wp-block-paragraph\">Ya\u015fl\u0131 Vatanda\u015f Kart\u0131, mevcut sosyal yard\u0131mlardan ve programlardan yararlanmak isteyen d\u00fc\u015f\u00fck gelirli ya\u015fl\u0131lar i\u00e7in olmazsa olmaz bir belgedir.&nbsp;<\/p>\n\n\n\n<p class=\"wp-block-paragraph\">\u00d6ncelikli hizmet, \u00fccretsiz veya indirimli ula\u015f\u0131m imkan\u0131 ve k\u00fclt\u00fcrel etkinliklerde indirimler garanti eder.&nbsp;<\/p>\n\n\n\n<p class=\"wp-block-paragraph\">Gerekli \u015fartlar\u0131 ve ba\u015fvuru s\u00fcrecini anlayarak, kendinizin veya sevdiklerinizin bu \u00f6nemli belgeyi edinmesine yard\u0131mc\u0131 olmaya haz\u0131r olacaks\u0131n\u0131z.&nbsp;<\/p>\n\n\n\n<p class=\"wp-block-paragraph\">B\u00f6lgenizdeki ilgili kuruma ba\u015fvurarak gerekli t\u00fcm bilgileri edinmeyi ve Ya\u015fl\u0131 Vatanda\u015f Kart\u0131&#039;n\u0131n sundu\u011fu avantajlardan en iyi \u015fekilde yararlanmay\u0131 unutmay\u0131n.<\/p>","protected":false},"excerpt":{"rendered":"<p>Se voc\u00ea \u00e9 uma pessoa idosa ou tem algu\u00e9m na fam\u00edlia que est\u00e1 na terceira idade, \u00e9 importante conhecer os benef\u00edcios e direitos que podem auxiliar nessa fase da vida. Um desses benef\u00edcios \u00e9 a&nbsp;Carteira do Idoso, um documento que pode trazer diversos benef\u00edcios e facilitar o acesso a servi\u00e7os e programas destinados aos idosos.&nbsp; [&hellip;]<\/p>","protected":false},"author":3,"featured_media":491,"comment_status":"open","ping_status":"open","sticky":false,"template":"","format":"standard","meta":{"footnotes":""},"categories":[6],"tags":[],"key_interest":[],"class_list":["post-151","post","type-post","status-publish","format-standard","has-post-thumbnail","hentry","category-auxilios-e-beneficios"],"_links":{"self":[{"href":"https:\/\/vejabeneficios.com\/tr_eu\/wp-json\/wp\/v2\/posts\/151","targetHints":{"allow":["GET"]}}],"collection":[{"href":"https:\/\/vejabeneficios.com\/tr_eu\/wp-json\/wp\/v2\/posts"}],"about":[{"href":"https:\/\/vejabeneficios.com\/tr_eu\/wp-json\/wp\/v2\/types\/post"}],"author":[{"embeddable":true,"href":"https:\/\/vejabeneficios.com\/tr_eu\/wp-json\/wp\/v2\/users\/3"}],"replies":[{"embeddable":true,"href":"https:\/\/vejabeneficios.com\/tr_eu\/wp-json\/wp\/v2\/comments?post=151"}],"version-history":[{"count":1,"href":"https:\/\/vejabeneficios.com\/tr_eu\/wp-json\/wp\/v2\/posts\/151\/revisions"}],"predecessor-version":[{"id":153,"href":"https:\/\/vejabeneficios.com\/tr_eu\/wp-json\/wp\/v2\/posts\/151\/revisions\/153"}],"wp:featuredmedia":[{"embeddable":true,"href":"https:\/\/vejabeneficios.com\/tr_eu\/wp-json\/wp\/v2\/media\/491"}],"wp:attachment":[{"href":"https:\/\/vejabeneficios.com\/tr_eu\/wp-json\/wp\/v2\/media?parent=151"}],"wp:term":[{"taxonomy":"category","embeddable":true,"href":"https:\/\/vejabeneficios.com\/tr_eu\/wp-json\/wp\/v2\/categories?post=151"},{"taxonomy":"post_tag","embeddable":true,"href":"https:\/\/vejabeneficios.com\/tr_eu\/wp-json\/wp\/v2\/tags?post=151"},{"taxonomy":"key_interest","embeddable":true,"href":"https:\/\/vejabeneficios.com\/tr_eu\/wp-json\/wp\/v2\/key_interest?post=151"}],"curies":[{"name":"wp","href":"https:\/\/api.w.org\/{rel}","templated":true}]}}