{"id":54,"date":"2023-07-02T14:13:59","date_gmt":"2023-07-02T14:13:59","guid":{"rendered":"https:\/\/vejabeneficios.com\/?p=54"},"modified":"2023-07-02T14:14:00","modified_gmt":"2023-07-02T14:14:00","slug":"como-fazer-o-financiamento-minha-casa-minha-vida","status":"publish","type":"post","link":"https:\/\/vejabeneficios.com\/tr_eu\/minha-casa-minha-vida-programi-araciligiyla-finansman-nasil-elde-edilir\/","title":{"rendered":"Minha Casa, Minha Vida nas\u0131l finanse edilir"},"content":{"rendered":"<p class=\"wp-block-paragraph\">Kira \u00f6demekten b\u0131kt\u0131n\u0131z ve kendi evinizin sahibi olmay\u0131 m\u0131 hayal ediyorsunuz? O halde bug\u00fcn \u015fansl\u0131 g\u00fcn\u00fcn\u00fcz gibi g\u00f6r\u00fcn\u00fcyor! Bug\u00fcnk\u00fc sohbetimizde, bu program arac\u0131l\u0131\u011f\u0131yla bu hayale ula\u015fman\u0131n yolunu birlikte ke\u015ffedece\u011fiz.&nbsp;<strong>Benim Evim, Benim Hayat\u0131m<\/strong>.&nbsp;<\/p>\n\n\n\n<p class=\"wp-block-paragraph\">Haz\u0131r m\u0131s\u0131n\u0131z? O zaman en sevdi\u011finiz m\u00fczi\u011fi a\u00e7\u0131n, bir i\u00e7ecek al\u0131n ve ba\u015flayal\u0131m!<\/p>\n\n\n\n<h2 class=\"wp-block-heading\">Minha Casa, Minha Vida program\u0131ndan kimler yararlanabilir?<\/h2>\n\n\n\n<p class=\"wp-block-paragraph\">Federal H\u00fck\u00fcmet taraf\u0131ndan olu\u015fturulan &quot;Minha Casa, Minha Vida&quot; program\u0131, d\u00fc\u015f\u00fck gelirli ailelere y\u00f6nelik konut finansman\u0131n\u0131 kolayla\u015ft\u0131rmay\u0131 ama\u00e7l\u0131yor.&nbsp;<\/p>\n\n\n\n<p class=\"wp-block-paragraph\">\u00d6ncelikle bilmeniz gereken \u015fey \u015fu: Bu program herkes i\u00e7in mi? Cevap hay\u0131r, ancak \u00e7ok say\u0131da insan\u0131 kaps\u0131yor!<\/p>\n\n\n\n<p class=\"wp-block-paragraph\">Programa kat\u0131lmaya hak kazanan aileler gelir dilimlerine ayr\u0131l\u0131r. Kurallar biraz farkl\u0131l\u0131k g\u00f6sterebilir, ancak genel olarak program ayl\u0131k geliri 1.000 ila 7.000 R$ aras\u0131nda olan aileler i\u00e7in tasarlanm\u0131\u015ft\u0131r.<\/p>\n\n\n\n<p class=\"wp-block-paragraph\">Ancak dikkat edin! Finansman ko\u015fullar\u0131 gelir dilimine g\u00f6re de\u011fi\u015fiklik g\u00f6sterir.&nbsp;<\/p>\n\n\n\n<p class=\"wp-block-paragraph\">\u00d6rne\u011fin, geliri 1.800,00 R&#039;ye kadar olan aileler, program kapsam\u0131nda gayrimenkul de\u011ferinin 901.300 R&#039;ye kadar olan k\u0131sm\u0131n\u0131 finanse ettirebilirler.&nbsp;<\/p>\n\n\n\n<p class=\"wp-block-paragraph\">Geliri 1.800,01 R ile 7.000,00 R aras\u0131nda olan aileler i\u00e7in ko\u015fullar biraz farkl\u0131d\u0131r ve faiz oranlar\u0131 ile s\u00fcbvansiyonlar de\u011fi\u015fiklik g\u00f6stermektedir.<\/p>\n\n\n\n<h2 class=\"wp-block-heading\">Hangi gayrimenkuller i\u00e7in finansman sa\u011flanabilir?<\/h2>\n\n\n\n<p class=\"wp-block-paragraph\">S\u0131k\u00e7a sorulan bir di\u011fer soru ise program kapsam\u0131nda hangi gayrimenkullerin finanse edilebilece\u011fidir. Kurallar, gelir dilimine ve gayrimenkul\u00fcn bulundu\u011fu yere g\u00f6re de de\u011fi\u015fiklik g\u00f6sterir.<\/p>\n\n\n\n<p class=\"wp-block-paragraph\">&quot;Minha Casa, Minha Vida&quot; program\u0131, yeni ve kullan\u0131lm\u0131\u015f gayrimenkulleri, yap\u0131m a\u015famas\u0131ndaki gayrimenkulleri, arsalar\u0131 ve hatta ki\u015finin kendi evinin in\u015fas\u0131n\u0131 finanse ediyor.&nbsp;<\/p>\n\n\n\n<p class=\"wp-block-paragraph\">Ancak, azami gayrimenkul de\u011feri, faiz oran\u0131 ve devlet deste\u011fi, gelir diliminize ve gayrimenkul\u00fcn bulundu\u011fu \u015fehre ba\u011fl\u0131d\u0131r.<\/p>\n\n\n\n<p class=\"wp-block-paragraph\">\u00d6rne\u011fin, bir ba\u015fkentte veya b\u00fcy\u00fck bir \u015fehirde m\u00fclk sat\u0131n almay\u0131 d\u00fc\u015f\u00fcn\u00fcyorsan\u0131z, maksimum m\u00fclk de\u011feri, daha k\u00fc\u00e7\u00fck bir \u015fehirde m\u00fclk ar\u0131yorsan\u0131z elde edece\u011finizden daha y\u00fcksek olacakt\u0131r.<\/p>\n\n\n\n<h2 class=\"wp-block-heading\">Minha Casa, Minha Vida program\u0131na nas\u0131l ba\u015fvurabilirim?<\/h2>\n\n\n\n<p class=\"wp-block-paragraph\">Art\u0131k programdan faydalan\u0131p faydalanamayaca\u011f\u0131n\u0131z\u0131 ve hangi m\u00fclk\u00fc finanse edebilece\u011finizi bildi\u011finize g\u00f6re, pratik k\u0131sma ge\u00e7elim: Minha Casa, Minha Vida program\u0131na nas\u0131l ba\u015fvurulur?<\/p>\n\n\n\n<p class=\"wp-block-paragraph\">\u00d6ncelikle, bir Caixa Econ\u00f4mica Federal \u015fubesine veya lisansl\u0131 bir emlak\u00e7\u0131ya giderek finansman sim\u00fclasyonu talep etmeniz gerekiyor.&nbsp;<\/p>\n\n\n\n<p class=\"wp-block-paragraph\">Bu sim\u00fclasyonda, gelir grubunuza ve sat\u0131n almay\u0131 d\u00fc\u015f\u00fcnd\u00fc\u011f\u00fcn\u00fcz gayrimenkul\u00fcn de\u011ferine uygun finansman se\u00e7eneklerinin neler oldu\u011funu \u00f6\u011freneceksiniz.<\/p>\n\n\n\n<p class=\"wp-block-paragraph\">\u015eimdi, finansman teklifiniz elinizdeyken, hayallerinizdeki m\u00fclk\u00fc bulma zaman\u0131! Unutmay\u0131n ki, m\u00fclk finansman teklifinizde belirtilen ko\u015fullar\u0131 kar\u015f\u0131lamal\u0131d\u0131r.<\/p>\n\n\n\n<p class=\"wp-block-paragraph\">M\u00fclk\u00fc bulduktan sonra, m\u00fclk ve sat\u0131c\u0131n\u0131n belgeleriyle birlikte Caixa&#039;ya veya emlak\u00e7\u0131ya geri d\u00f6nme zaman\u0131 gelmi\u015ftir.&nbsp;<\/p>\n\n\n\n<p class=\"wp-block-paragraph\">Her \u015fey planland\u0131\u011f\u0131 gibi giderse, finansman s\u00f6zle\u015fmesini imzalayacaks\u0131n\u0131z ve \u00e7ok yak\u0131nda kendi evinizin anahtarlar\u0131 elinizde olacak!<\/p>\n\n\n\n<h2 class=\"wp-block-heading\">Minha Casa, Minha Vida program\u0131na ba\u015fvuru i\u00e7in gerekli belgeler.<\/h2>\n\n\n\n<p class=\"wp-block-paragraph\">\u0130\u015finizi kolayla\u015ft\u0131rmak i\u00e7in, Minha Casa, Minha Vida program\u0131na ba\u015fvurmak i\u00e7in genellikle gerekli olan belgeleri burada listeliyoruz:<\/p>\n\n\n\n<ul class=\"wp-block-list\">\n<li>Kimlik belgesi ve CPF (Brezilya vergi m\u00fckellefi kimlik numaras\u0131);<\/li>\n\n\n\n<li>Gelir belgesi;<\/li>\n\n\n\n<li>Gelir Vergisi Beyannamesi (varsa);<\/li>\n\n\n\n<li>Medeni durum belgesi;<\/li>\n\n\n\n<li>Konut kay\u0131t formu;<\/li>\n\n\n\n<li>M\u00fclk ve sat\u0131c\u0131ya ait belgeler.<\/li>\n<\/ul>\n\n\n\n<p class=\"wp-block-paragraph\">Gerekli belgelerin listesinin durumunuza g\u00f6re de\u011fi\u015febilece\u011fini unutmay\u0131n. Bu nedenle, hangi belgeleri sunman\u0131z gerekti\u011fini banka veya emlak\u00e7\u0131dan teyit etmeniz her zaman iyi bir fikirdir.<\/p>\n\n\n\n<p class=\"wp-block-paragraph\">Asl\u0131nda,&nbsp;<strong>Benim Evim, Benim Hayat\u0131m<\/strong>&nbsp;Kendi evine sahip olmay\u0131 hayal eden ancak pe\u015fin olarak sat\u0131n almaya g\u00fcc\u00fc yetmeyenler i\u00e7in m\u00fckemmel bir se\u00e7enek.&nbsp;<\/p>\n\n\n\n<p class=\"wp-block-paragraph\">Planlama, bilgi ve biraz sab\u0131rla bu hayal sizin de ula\u015fabilece\u011finiz bir \u015fey! Peki, ev sahibi olma yolculu\u011funuza ba\u015flamaya haz\u0131r m\u0131s\u0131n\u0131z?<\/p>","protected":false},"excerpt":{"rendered":"<p>Cansado de pagar aluguel e sonhar com a casa pr\u00f3pria? Pois bem, parece que hoje \u00e9 o seu dia de sorte! No nosso bate-papo de hoje, vamos desvendar juntos o caminho para realizar esse sonho atrav\u00e9s do programa&nbsp;Minha Casa, Minha Vida.&nbsp; Preparado? Ent\u00e3o coloque sua m\u00fasica favorita, pegue algo para beber e vamos nessa! Quem [&hellip;]<\/p>","protected":false},"author":3,"featured_media":494,"comment_status":"open","ping_status":"open","sticky":false,"template":"","format":"standard","meta":{"footnotes":""},"categories":[6],"tags":[],"key_interest":[],"class_list":["post-54","post","type-post","status-publish","format-standard","has-post-thumbnail","hentry","category-auxilios-e-beneficios"],"_links":{"self":[{"href":"https:\/\/vejabeneficios.com\/tr_eu\/wp-json\/wp\/v2\/posts\/54","targetHints":{"allow":["GET"]}}],"collection":[{"href":"https:\/\/vejabeneficios.com\/tr_eu\/wp-json\/wp\/v2\/posts"}],"about":[{"href":"https:\/\/vejabeneficios.com\/tr_eu\/wp-json\/wp\/v2\/types\/post"}],"author":[{"embeddable":true,"href":"https:\/\/vejabeneficios.com\/tr_eu\/wp-json\/wp\/v2\/users\/3"}],"replies":[{"embeddable":true,"href":"https:\/\/vejabeneficios.com\/tr_eu\/wp-json\/wp\/v2\/comments?post=54"}],"version-history":[{"count":1,"href":"https:\/\/vejabeneficios.com\/tr_eu\/wp-json\/wp\/v2\/posts\/54\/revisions"}],"predecessor-version":[{"id":66,"href":"https:\/\/vejabeneficios.com\/tr_eu\/wp-json\/wp\/v2\/posts\/54\/revisions\/66"}],"wp:featuredmedia":[{"embeddable":true,"href":"https:\/\/vejabeneficios.com\/tr_eu\/wp-json\/wp\/v2\/media\/494"}],"wp:attachment":[{"href":"https:\/\/vejabeneficios.com\/tr_eu\/wp-json\/wp\/v2\/media?parent=54"}],"wp:term":[{"taxonomy":"category","embeddable":true,"href":"https:\/\/vejabeneficios.com\/tr_eu\/wp-json\/wp\/v2\/categories?post=54"},{"taxonomy":"post_tag","embeddable":true,"href":"https:\/\/vejabeneficios.com\/tr_eu\/wp-json\/wp\/v2\/tags?post=54"},{"taxonomy":"key_interest","embeddable":true,"href":"https:\/\/vejabeneficios.com\/tr_eu\/wp-json\/wp\/v2\/key_interest?post=54"}],"curies":[{"name":"wp","href":"https:\/\/api.w.org\/{rel}","templated":true}]}}